{"id":36347,"date":"2026-04-22T14:27:55","date_gmt":"2026-04-22T13:27:55","guid":{"rendered":"https:\/\/www.forumdanca.pt\/?p=36347"},"modified":"2026-04-24T14:26:36","modified_gmt":"2026-04-24T13:26:36","slug":"pagan-poetry","status":"publish","type":"post","link":"https:\/\/www.forumdanca.pt\/en\/pagan-poetry\/","title":{"rendered":"TIAGO VIEIRA"},"content":{"rendered":"<div class=\"wpb-content-wrapper\"><p>[vc_row row_type=&#8221;row&#8221; use_row_as_full_screen_section=&#8221;no&#8221; type=&#8221;full_width&#8221; text_align=&#8221;left&#8221; background_animation=&#8221;none&#8221; css_animation=&#8221;&#8221;][vc_column][vc_column_text css=&#8221;&#8221;]<\/p>\n<h3>PAGAN POETRY<\/h3>\n<p>[\/vc_column_text][vc_empty_space height=&#8221;40px&#8221;][\/vc_column][\/vc_row][vc_row row_type=&#8221;row&#8221; use_row_as_full_screen_section=&#8221;no&#8221; type=&#8221;full_width&#8221; text_align=&#8221;left&#8221; background_animation=&#8221;none&#8221; css_animation=&#8221;&#8221;][vc_column][vc_column_text css=&#8221;&#8221;]<strong>Forum Dan\u00e7a |\u00a0 May 8, 2026 | 6.30 pm<\/strong>[\/vc_column_text][vc_empty_space height=&#8221;40px&#8221;][vc_column_text css=&#8221;&#8221;]<strong>PAGAN POETRY<\/strong> stems from a desire to inhabit a choreographic landscape\u2014a space for forging connections and giving rise to rituals\u2014as well as from the two notebooks I kept during the Mysthery School process, which, going beyond a mere diary, serve as a kind of cartography of aphorisms, memories, thoughts, ideas, and the powers of the imagination.<br \/>\nThe aim is to create an encounter where ritual language breaks down the boundaries between the divine and the profane. I am interested in the intimate relationship between Love and Resistance . Poetry as a political gesture, seeking to dignify marginalized bodies\u2014absolute symbols of Difference, Freedom, and Resistance against all fascist systems.<\/p>\n<p style=\"text-align: right;\">[Tiago Vieira]<\/p>\n<p>[\/vc_column_text][vc_empty_space height=&#8221;20px&#8221;][vc_column_text css=&#8221;&#8221;]<strong>Choreography, soundscape, text, costumes, set design, performance:<\/strong> Tiago Vieira[\/vc_column_text][vc_empty_space height=&#8221;20px&#8221;][vc_column_text css=&#8221;&#8221;]<strong>Photo <\/strong>\u00a9 DR[\/vc_column_text][vc_empty_space height=&#8221;80px&#8221;][\/vc_column][\/vc_row][vc_row row_type=&#8221;row&#8221; use_row_as_full_screen_section=&#8221;no&#8221; type=&#8221;full_width&#8221; text_align=&#8221;left&#8221; background_animation=&#8221;none&#8221; css_animation=&#8221;&#8221;][vc_column][vc_column_text css=&#8221;&#8221;]<\/p>\n<h4><strong>Biography<\/strong><\/h4>\n<p>[\/vc_column_text][vc_empty_space height=&#8221;20px&#8221;][vc_accordion active_tab=&#8221;false&#8221; collapsible=&#8221;yes&#8221; style=&#8221;boxed_accordion&#8221;][vc_accordion_tab title=&#8221;Tiago Vieira&#8221; title_color=&#8221;#000000&#8243; background_color=&#8221;#eeeeee&#8221;][vc_column_text css=&#8221;.vc_custom_1776865165234{padding-left: 50px !important;}&#8221;]A graduate of the Escola Superior de Teatro e Cinema, he furthered his training through various theater, dance, and performance workshops.<\/p>\n<p>He combines directing with teaching theater and dance. In 2019, he completed a master\u2019s degree at the RITS School in Brussels, where he danced *The Rite of Spring* for 12 hours, undertook a walk that began at a concentration camp near Berlin and ended at Pina Bausch\u2019s grave, and presented his show on the main stage of the KVS THEATRE. In 2020, the show WE MUST ALWAYS FORGIVE COWARDS, BUT NEVER BE LIKE THEM was named by the newspaper Expresso as one of the best shows of the year. In 2024, he launched the company Tiago Vieira e os melanc\u00f3licos tropicais with the performance D\u00f3i mas voc\u00ea goza. In 2025, he began teaching at the Escola Profissional de Cascais and was part of the PACAP project directed by Meg Stuart.[\/vc_column_text][\/vc_accordion_tab][\/vc_accordion][vc_empty_space height=&#8221;80px&#8221;][\/vc_column][\/vc_row]<\/p>\n<\/div>","protected":false},"excerpt":{"rendered":"<p>Pagan Poetry | Tiago Vieira<\/p>\n","protected":false},"author":15,"featured_media":36404,"comment_status":"closed","ping_status":"closed","sticky":false,"template":"","format":"standard","meta":{"footnotes":""},"categories":[7,1938,299,632],"tags":[],"class_list":["post-36347","post","type-post","status-publish","format-standard","has-post-thumbnail","hentry","category-agenda-en","category-cartografias6","category-history","category-programacao-en"],"_links":{"self":[{"href":"https:\/\/www.forumdanca.pt\/en\/wp-json\/wp\/v2\/posts\/36347","targetHints":{"allow":["GET"]}}],"collection":[{"href":"https:\/\/www.forumdanca.pt\/en\/wp-json\/wp\/v2\/posts"}],"about":[{"href":"https:\/\/www.forumdanca.pt\/en\/wp-json\/wp\/v2\/types\/post"}],"author":[{"embeddable":true,"href":"https:\/\/www.forumdanca.pt\/en\/wp-json\/wp\/v2\/users\/15"}],"replies":[{"embeddable":true,"href":"https:\/\/www.forumdanca.pt\/en\/wp-json\/wp\/v2\/comments?post=36347"}],"version-history":[{"count":4,"href":"https:\/\/www.forumdanca.pt\/en\/wp-json\/wp\/v2\/posts\/36347\/revisions"}],"predecessor-version":[{"id":36435,"href":"https:\/\/www.forumdanca.pt\/en\/wp-json\/wp\/v2\/posts\/36347\/revisions\/36435"}],"wp:featuredmedia":[{"embeddable":true,"href":"https:\/\/www.forumdanca.pt\/en\/wp-json\/wp\/v2\/media\/36404"}],"wp:attachment":[{"href":"https:\/\/www.forumdanca.pt\/en\/wp-json\/wp\/v2\/media?parent=36347"}],"wp:term":[{"taxonomy":"category","embeddable":true,"href":"https:\/\/www.forumdanca.pt\/en\/wp-json\/wp\/v2\/categories?post=36347"},{"taxonomy":"post_tag","embeddable":true,"href":"https:\/\/www.forumdanca.pt\/en\/wp-json\/wp\/v2\/tags?post=36347"}],"curies":[{"name":"wp","href":"https:\/\/api.w.org\/{rel}","templated":true}]}}