{"id":34792,"date":"2025-09-09T11:55:45","date_gmt":"2025-09-09T10:55:45","guid":{"rendered":"https:\/\/www.forumdanca.pt\/?p=34792"},"modified":"2025-11-19T11:56:07","modified_gmt":"2025-11-19T11:56:07","slug":"ctr-2025","status":"publish","type":"post","link":"https:\/\/www.forumdanca.pt\/en\/ctr-2025\/","title":{"rendered":"Real Time Composition_Open Sessions"},"content":{"rendered":"<div class=\"wpb-content-wrapper\"><p>[vc_row row_type=&#8221;row&#8221; use_row_as_full_screen_section=&#8221;no&#8221; type=&#8221;full_width&#8221; text_align=&#8221;left&#8221; background_animation=&#8221;none&#8221; css_animation=&#8221;&#8221;][vc_column][vc_column_text css=&#8221;&#8221;]<\/p>\n<h4>Mondays | 6pm<\/h4>\n<p>[no prior registration required][\/vc_column_text][vc_empty_space][vc_column_text css=&#8221;&#8221;]<\/p>\n<h4>Facilitated by Jo\u00e3o Fiadeiro and M\u00e1rcia Lan\u00e7a<\/h4>\n<p>[\/vc_column_text][vc_column_text css=&#8221;&#8221;]We will continue with the Monday sessions (from 6pm to 7.30pm), which are free and open to anyone, with or without experience in CTR or even in artistic practices. These sessions have proved to be extremely rich as they create a spontaneous community of study and sharing of this tool, in an informal and inclusive way, slowly establishing itself as the backbone of CTR&#8217;s presence at Forum Dan\u00e7a. The sessions will be led by Jo\u00e3o Fiadeiro and M\u00e1rcia Lan\u00e7a.<\/p>\n<p>&nbsp;<\/p>\n<p>Runs until November 24, 2025[\/vc_column_text][vc_empty_space height=&#8221;80px&#8221;][\/vc_column][\/vc_row][vc_row row_type=&#8221;row&#8221; use_row_as_full_screen_section=&#8221;no&#8221; type=&#8221;full_width&#8221; text_align=&#8221;left&#8221; background_animation=&#8221;none&#8221; css_animation=&#8221;&#8221;][vc_column][vc_column_text css=&#8221;&#8221;]<\/p>\n<h4>Information<\/h4>\n<p>[\/vc_column_text][vc_empty_space height=&#8221;20px&#8221;][vc_column_text css=&#8221;&#8221;]Select each of the sections below to find out more about the open sessions.[\/vc_column_text][vc_empty_space height=&#8221;20px&#8221;][vc_accordion active_tab=&#8221;false&#8221; collapsible=&#8221;yes&#8221; style=&#8221;boxed_accordion&#8221;][vc_accordion_tab title=&#8221;Contextualisation&#8221; title_color=&#8221;#000000&#8243; background_color=&#8221;#eeeeee&#8221;][vc_column_text css=&#8221;.vc_custom_1741625071562{padding-left: 25px !important;}&#8221;]During the period in which REAL (a structure run by Jo\u00e3o Fiadeiro from 1990-2019) ran Atelier Real, open sessions were organised for the community to practice Real Time Composition, free of charge. These were unpretentious sessions, somewhere between a jam and a master class, which had an important impact on the community of artists at the time and on research into (and around) this tool. They were also very important sessions as a meeting place and for the creation of professional and emotional networks that continue to this day.<\/p>\n<p>&nbsp;<\/p>\n<p>Over the next months, as part of the programme of activity developed within the framework of Forum Dan\u00e7a\u2019s Resident Research Artist position, we will replicate these sessions to share our experience, but also to allow ourselves to be contaminated by discourses, perspectives and practices outside our comfort zone. These sessions are open to anyone \u2013 artist or non-artist, with or without experience of improvisation, with a background in practice or theory \u2013 as long as the premises and principles of this practice arouse curiosity.<\/p>\n<p>&nbsp;<\/p>\n<blockquote><p>&#8220;The \u2018object of study\u2019 of Real Time Composition is the interval that emerges when linear time is interrupted and the sense of continuity is suspended (via accident, incident or \u2018just because\u2019). The space that opens up as a result of this interruption is where Real Time Composition research takes place. Within this space, time has that rare quality of being simultaneously \u2018no more\u2019 and \u2018not yet\u2019. Within this space, time is not linear (or even circular), but \u2018twisted\u2019 (like the topological surface of the \u2018M\u00f6bius Tape\u2019), governed by laws that do not respect the conventional notions of before and after, inside and outside or far and near.&#8221;<\/p>\n<p>Jo\u00e3o Fiadeiro<\/p><\/blockquote>\n<p>[\/vc_column_text][\/vc_accordion_tab][vc_accordion_tab title=&#8221;Who it&#8217;s for&#8221; title_color=&#8221;#000000&#8243; background_color=&#8221;#eeeeee&#8221;][vc_column_text css=&#8221;.vc_custom_1741624567168{padding-left: 25px !important;}&#8221;]The sessions are aimed at anyone who identifies with the premises of the proposal and feels available and comfortable to experiment with composition and improvisation practices with the body.[\/vc_column_text][\/vc_accordion_tab][vc_accordion_tab title=&#8221;Schedule&#8221; title_color=&#8221;#000000&#8243; background_color=&#8221;#eeeeee&#8221;][vc_column_text css=&#8221;.vc_custom_1763553369391{padding-left: 25px !important;}&#8221;]Every Monday until November 24, 2025, at 6:00 p.m.[\/vc_column_text][\/vc_accordion_tab][vc_accordion_tab title=&#8221;Venue&#8221; title_color=&#8221;#000000&#8243; background_color=&#8221;#eeeeee&#8221;][vc_column_text css=&#8221;.vc_custom_1687372197980{padding-left: 25px !important;}&#8221;]Forum Dan\u00e7a \/\u00a0Espa\u00e7o da Penha<br \/>\nTravessa do Calado, 26B<br \/>\n1170-070 Lisboa[\/vc_column_text][\/vc_accordion_tab][\/vc_accordion][vc_empty_space height=&#8221;80px&#8221;][\/vc_column][\/vc_row][vc_row row_type=&#8221;row&#8221; use_row_as_full_screen_section=&#8221;no&#8221; type=&#8221;full_width&#8221; text_align=&#8221;left&#8221; background_animation=&#8221;none&#8221; css_animation=&#8221;&#8221;][vc_column][vc_column_text css=&#8221;&#8221;]<\/p>\n<h4>Bios<\/h4>\n<p>[\/vc_column_text][vc_empty_space height=&#8221;20px&#8221;][vc_accordion active_tab=&#8221;false&#8221; collapsible=&#8221;yes&#8221; style=&#8221;boxed_accordion&#8221;][vc_accordion_tab title=&#8221;Jo\u00e3o Fiadeiro&#8221; title_color=&#8221;#000000&#8243; background_color=&#8221;#eeeeee&#8221;][vc_row_inner row_type=&#8221;row&#8221; type=&#8221;full_width&#8221; use_row_as_full_screen_section_slide=&#8221;no&#8221; text_align=&#8221;left&#8221; css_animation=&#8221;&#8221; css=&#8221;.vc_custom_1687372899171{padding-left: 25px !important;}&#8221;][vc_column_inner width=&#8221;1\/3&#8243;][vc_single_image image=&#8221;26213&#8243; img_size=&#8221;250&#215;334&#8243; add_caption=&#8221;yes&#8221; qode_css_animation=&#8221;&#8221;][\/vc_column_inner][vc_column_inner width=&#8221;2\/3&#8243;][vc_column_text css=&#8221;.vc_custom_1741624649313{padding-left: 25px !important;}&#8221;]<strong>Jo\u00e3o Fiadeiro<\/strong> (1965) is a Portuguese performer, choreographer, researcher, teacher and curator.<br \/>\nHe belongs to the generation of artists that emerged at the end of the 1980s in Portugal and gave rise to the New Portuguese Dance movement.<br \/>\nIn the 1990s he studied and practised Contact-Improvisation intensively, which led him to pursue and systematise his own research into improvisation under the name Real-Time Composition. This research has led him to coordinate workshops in master&#8217;s and doctoral programmes at various schools and universities around the world.<br \/>\nHe has toured extensively in Europe, North America and South America with his solo and group works.<br \/>\nHis career, whether as a choreographer or performer, or as a researcher or curator, has centred on creating conditions for experimentation, laboratory practice and interdisciplinary cross-fertilisation.<br \/>\nThis activity has been carried out both within the framework of directing artistic programming and research projects, which have included the Centro Cultural da Malaposta (1990-95), Espa\u00e7o Ginjal (1995-1998), Lugar Comum (1999-2000), Espa\u00e7o A Capital (2000-2002) and Atelier Re.AL (2004-2019), and within the framework of his artistic practice, through creations and research workshops organised around Real-Time Composition.<br \/>\nAtelier Re.AL was a structure that played a leading role in the development of contemporary dance and transdisciplinary initiatives in Portugal.<br \/>\nIn all these different meeting platforms, Jo\u00e3o Fiadeiro was always accompanied by artists who actively participated as creators, performers, researchers and programme-makers, making a decisive contribution to the existence of this project over 30 years of uninterrupted activity.[\/vc_column_text][\/vc_column_inner][\/vc_row_inner][\/vc_accordion_tab][vc_accordion_tab title=&#8221;M\u00e1rcia Lan\u00e7a&#8221; title_color=&#8221;#000000&#8243; background_color=&#8221;#eeeeee&#8221;][vc_row_inner row_type=&#8221;row&#8221; type=&#8221;full_width&#8221; use_row_as_full_screen_section_slide=&#8221;no&#8221; text_align=&#8221;left&#8221; css_animation=&#8221;&#8221; css=&#8221;.vc_custom_1687372899171{padding-left: 25px !important;}&#8221;][vc_column_inner width=&#8221;1\/3&#8243;][vc_single_image image=&#8221;26215&#8243; img_size=&#8221;250&#215;334&#8243; add_caption=&#8221;yes&#8221; qode_css_animation=&#8221;&#8221;][\/vc_column_inner][vc_column_inner width=&#8221;2\/3&#8243;][vc_column_text css=&#8221;.vc_custom_1741624668185{padding-left: 25px !important;}&#8221;]<strong>M\u00e1rcia Lan\u00e7a<\/strong> was born in Beja and lives in Lisbon. In 2008 she founded VAGAR, of which she is artistic director. She has worked as a choreographer and performer in various collaborative configurations.<\/p>\n<p>She moves in territories where the boundaries between the fictional and the real are tenuous and diffuse. Her interest in the poetic materiality of concrete actions and tasks is at the centre of her creative processes.<\/p>\n<p>She is passionate about emerging collective compositions, thought as action and situated constructions.[\/vc_column_text][\/vc_column_inner][\/vc_row_inner][\/vc_accordion_tab][\/vc_accordion][vc_empty_space height=&#8221;80px&#8221;][\/vc_column][\/vc_row][vc_row row_type=&#8221;row&#8221; use_row_as_full_screen_section=&#8221;no&#8221; type=&#8221;full_width&#8221; text_align=&#8221;left&#8221; background_animation=&#8221;none&#8221; css_animation=&#8221;&#8221;][vc_column][vc_column_text css=&#8221;&#8221;]<\/p>\n<h4>General Note<\/h4>\n<p>[\/vc_column_text][vc_empty_space height=&#8221;20px&#8221;][vc_column_text css=&#8221;&#8221;]<strong>For those wishing to take part in any of our CTR transmission and practice programmes<\/strong><\/p>\n<p>&nbsp;<\/p>\n<p>Even though we are committed to creating a safe place of practice, sustained by a work ethic based on principles of care and mutual respect, the experience of improvisation and performance, by definition, can take performers to places of intense sharing, often vulnerable and emotionally charged, where doubt and error have a prominent place. When signing up, bear in mind that in this practice you may find yourself in situations of experimentation that shake up your comfort zones, even if only temporarily.[\/vc_column_text][vc_empty_space height=&#8221;80px&#8221;][\/vc_column][\/vc_row][vc_row row_type=&#8221;row&#8221; use_row_as_full_screen_section=&#8221;no&#8221; type=&#8221;full_width&#8221; text_align=&#8221;left&#8221; background_animation=&#8221;none&#8221; css_animation=&#8221;&#8221;][vc_column][vc_column_text css=&#8221;&#8221;]<\/p>\n<h3>TECER activities<\/h3>\n<p>[\/vc_column_text][vc_empty_space][vc_basic_grid post_type=&#8221;post&#8221; max_items=&#8221;-1&#8243; style=&#8221;pagination&#8221; items_per_page=&#8221;8&#8243; element_width=&#8221;3&#8243; item=&#8221;22505&#8243; css=&#8221;&#8221; grid_id=&#8221;vc_gid:1763553333436-0231fd95-16ec-3&#8243; taxonomies=&#8221;895&#8243;][vc_empty_space height=&#8221;80px&#8221;][vc_column_text css=&#8221;.vc_custom_1759841701306{padding-left: 25px !important;}&#8221;]Imagem \u00a9 M\u00e1rcia Lan\u00e7a[\/vc_column_text][\/vc_column][\/vc_row]<\/p>\n<\/div>","protected":false},"excerpt":{"rendered":"<p>Real Time Composition, sessions open to the community, at Forum Dan\u00e7a.<\/p>\n","protected":false},"author":15,"featured_media":34905,"comment_status":"closed","ping_status":"closed","sticky":false,"template":"","format":"standard","meta":{"footnotes":""},"categories":[7,896,311,543],"tags":[],"class_list":["post-34792","post","type-post","status-publish","format-standard","has-post-thumbnail","hentry","category-agenda-en","category-ctr-tecer-en","category-highlights","category-ws-ctr-en"],"_links":{"self":[{"href":"https:\/\/www.forumdanca.pt\/en\/wp-json\/wp\/v2\/posts\/34792","targetHints":{"allow":["GET"]}}],"collection":[{"href":"https:\/\/www.forumdanca.pt\/en\/wp-json\/wp\/v2\/posts"}],"about":[{"href":"https:\/\/www.forumdanca.pt\/en\/wp-json\/wp\/v2\/types\/post"}],"author":[{"embeddable":true,"href":"https:\/\/www.forumdanca.pt\/en\/wp-json\/wp\/v2\/users\/15"}],"replies":[{"embeddable":true,"href":"https:\/\/www.forumdanca.pt\/en\/wp-json\/wp\/v2\/comments?post=34792"}],"version-history":[{"count":0,"href":"https:\/\/www.forumdanca.pt\/en\/wp-json\/wp\/v2\/posts\/34792\/revisions"}],"wp:featuredmedia":[{"embeddable":true,"href":"https:\/\/www.forumdanca.pt\/en\/wp-json\/wp\/v2\/media\/34905"}],"wp:attachment":[{"href":"https:\/\/www.forumdanca.pt\/en\/wp-json\/wp\/v2\/media?parent=34792"}],"wp:term":[{"taxonomy":"category","embeddable":true,"href":"https:\/\/www.forumdanca.pt\/en\/wp-json\/wp\/v2\/categories?post=34792"},{"taxonomy":"post_tag","embeddable":true,"href":"https:\/\/www.forumdanca.pt\/en\/wp-json\/wp\/v2\/tags?post=34792"}],"curies":[{"name":"wp","href":"https:\/\/api.w.org\/{rel}","templated":true}]}}