{"id":34348,"date":"2023-02-01T02:32:53","date_gmt":"2023-02-01T02:32:53","guid":{"rendered":"https:\/\/www.forumdanca.pt\/seminarios-abertos\/"},"modified":"2025-08-14T11:11:20","modified_gmt":"2025-08-14T10:11:20","slug":"seminarios-abertos","status":"publish","type":"post","link":"https:\/\/www.forumdanca.pt\/en\/seminarios-abertos\/","title":{"rendered":"Semin\u00e1rios <br>Abertos 2023"},"content":{"rendered":"<div class=\"wpb-content-wrapper\"><p>[vc_row row_type=&#8221;row&#8221; use_row_as_full_screen_section=&#8221;no&#8221; type=&#8221;full_width&#8221; text_align=&#8221;left&#8221; background_animation=&#8221;none&#8221; css_animation=&#8221;&#8221;][vc_column][vc_column_text]<\/p>\n<h3>Curso de Gest\u00e3o\/Produ\u00e7\u00e3o das Artes do Espet\u00e1culo | 2023<\/h3>\n<p>[\/vc_column_text][vc_empty_space height=&#8221;40px&#8221;][\/vc_column][\/vc_row][vc_row row_type=&#8221;row&#8221; use_row_as_full_screen_section=&#8221;no&#8221; type=&#8221;full_width&#8221; text_align=&#8221;left&#8221; background_animation=&#8221;none&#8221; css_animation=&#8221;&#8221;][vc_column][vc_column_text]<\/p>\n<h3>Informa\u00e7\u00f5es<\/h3>\n<p>[\/vc_column_text][vc_column_text]Arrancamos novamente com os <strong>Semin\u00e1rios Abertos<\/strong>, durante o ano de 2023, destinados a quem quer fazer apenas um ou outro m\u00f3dulo do CGPAE.<br \/>\nSelecione cada uma das se\u00e7\u00f5es abaixo para tomar conhecimento de todas as especifica\u00e7\u00f5es dos <strong>Semin\u00e1rios Abertos<\/strong>.[\/vc_column_text][vc_empty_space height=&#8221;20px&#8221;][vc_accordion active_tab=&#8221;false&#8221; collapsible=&#8221;yes&#8221; style=&#8221;boxed_accordion&#8221;][vc_accordion_tab title=&#8221;A quem se destina&#8221; title_color=&#8221;#000000&#8243; background_color=&#8221;#eeeeee&#8221;][vc_column_text css=&#8221;.vc_custom_1678207172177{padding-left: 50px !important;}&#8221;]Agentes culturais que pretendam desenvolver o seu trabalho\/projeto na \u00e1rea de Gest\u00e3o\/Produ\u00e7\u00e3o das Artes do Espet\u00e1culo.<br \/>\nP\u00fablico em geral com o objetivo de profissionaliza\u00e7\u00e3o.[\/vc_column_text][\/vc_accordion_tab][vc_accordion_tab title=&#8221;Hor\u00e1rios&#8221; title_color=&#8221;#000000&#8243; background_color=&#8221;#eeeeee&#8221;][vc_column_text css=&#8221;.vc_custom_1678207203070{padding-left: 50px !important;}&#8221;]Dependendo dos m\u00f3dulos a abrir ser\u00e3o sempre semin\u00e1rios que decorrem \u00e0s sextas das 18h30 \u00e0s 22h e\/ou s\u00e1bados das 10h30 \u00e0s 14h00.<br \/>\nAlguns s\u00e1bados poder\u00e3o ter hor\u00e1rio at\u00e9 \u00e0s 17h00. Interrup\u00e7\u00e3o para f\u00e9rias em agosto.[\/vc_column_text][\/vc_accordion_tab][vc_accordion_tab title=&#8221;Inscri\u00e7\u00e3o&#8221; title_color=&#8221;#000000&#8243; background_color=&#8221;#eeeeee&#8221;][vc_column_text css=&#8221;.vc_custom_1678207226045{padding-left: 50px !important;}&#8221;]Enviar para o nosso <strong><a href=\"mailto: forumdanca@forumdanca.pt\">email<\/a><\/strong> o <strong><em>Curriculum Vitae<\/em> <\/strong>com os dados atualizados, a indica\u00e7\u00e3o de quais s\u00e3o os m\u00f3dulos que pretende frequentar e um texto que indique qual a sua motiva\u00e7\u00e3o para frequentar estes semin\u00e1rios, uma demonstra\u00e7\u00e3o de interesse.<\/p>\n<p>Ap\u00f3s a aceita\u00e7\u00e3o da sua inscri\u00e7\u00e3o, dever\u00e1 submeter tamb\u00e9m o comprovativo de pagamento pela mesma via.[\/vc_column_text][\/vc_accordion_tab][vc_accordion_tab title=&#8221;Pagamentos&#8221; title_color=&#8221;#000000&#8243; background_color=&#8221;#eeeeee&#8221;][vc_column_text css=&#8221;.vc_custom_1755164717212{padding-left: 50px !important;}&#8221;]Assim que a sua inscri\u00e7\u00e3o seja aceite, dever\u00e1 proceder ao pagamento e enviar o comprovativo do mesmo para o nosso <strong><a href=\"mailto:forumdanca@forumdanca.pt\">email<\/a><\/strong>.<\/p>\n<p>&nbsp;<\/p>\n<p>Existem diferentes modalidades de pagamento:<\/p>\n<p><strong><u>Pagamento total<\/u>:<\/strong> 280 \u20ac por 11 sess\u00f5es + 2 visitas de estudo.<\/p>\n<p><strong><u>Pagamento parcelado<\/u>:<\/strong> 150\u20ac x 2\u00a0por 11 sess\u00f5es + 2 visitas de estudo.<\/p>\n<p><strong><u>M\u00f3dulos menores<\/u>:<\/strong><\/p>\n<p>8 Sess\u00f5es \u2013 pagamento \u00fanico de 210 \u20ac;<\/p>\n<p>6 Sess\u00f5es \u2013 pagamento \u00fanico de 180 \u20ac;<\/p>\n<p>2 Sess\u00f5es \u2013 pagamento \u00fanico de 55 \u20ac.[\/vc_column_text][\/vc_accordion_tab][vc_accordion_tab title=&#8221;Regulamento&#8221; title_color=&#8221;#000000&#8243; background_color=&#8221;#eeeeee&#8221;][vc_column_text css=&#8221;.vc_custom_1678207437663{padding-left: 50px !important;}&#8221;]<strong>NOTA:<\/strong><\/p>\n<p>Com as devidas adapta\u00e7\u00f5es, o regulamento dos Semin\u00e1rios Abertos aplica-se o mesmo que \u00e9 usado no curso completo do CGPAE.<\/p>\n<p>&nbsp;<\/p>\n<p>&nbsp;<\/p>\n<h4><strong>A.) PARTICIPANTES<\/strong><\/h4>\n<p><strong>A.1.) Deveres\u00a0<\/strong><\/p>\n<ol>\n<li>Frequentar com assiduidade e pontualidade a a\u00e7\u00e3o de forma\u00e7\u00e3o. A presen\u00e7a e participa\u00e7\u00e3o em todas as atividades do curso s\u00e3o consideradas condi\u00e7\u00f5es necess\u00e1rias para a prossecu\u00e7\u00e3o de um elevado n\u00edvel pedag\u00f3gico.<\/li>\n<li>Participantes que ultrapassem o limite de 58 horas de faltas (20% das horas totais) n\u00e3o ter\u00e3o direito ao Certificado de Frequ\u00eancia e Aprova\u00e7\u00e3o final do curso. A chegada \u00e0s aulas 15 minutos depois do seu in\u00edcio corresponde a 1 hora de falta;<\/li>\n<li>Utilizar com cuidado e zelar pela conserva\u00e7\u00e3o dos equipamentos e demais bens que lhe sejam confiados para efeitos de forma\u00e7\u00e3o;<\/li>\n<li>Cumprir com os pagamentos;<\/li>\n<li>O atraso no pagamento da mensalidade implicar\u00e1 o pagamento de uma multa de 3\u20ac por cada m\u00eas de atraso;<\/li>\n<\/ol>\n<p><strong>A.2.) Direitos\u00a0<\/strong><\/p>\n<ol>\n<li>Receber a forma\u00e7\u00e3o em conformidade com os programas estabelecidos;<\/li>\n<li>Obter gratuitamente, no final da ac\u00e7\u00e3o, o Certificado comprovativo da frequ\u00eancia e aproveitamento (caso estes se verifiquem) no curso;<\/li>\n<li>Beneficiar de um seguro de acidentes pessoais no decurso da forma\u00e7\u00e3o;<\/li>\n<li>Receber informa\u00e7\u00e3o e orienta\u00e7\u00e3o profissional no decurso da a\u00e7\u00e3o de forma\u00e7\u00e3o;<\/li>\n<li>Receber informa\u00e7\u00e3o mensal sobre os hor\u00e1rios do curso;<\/li>\n<li>Reclamar junto da coordena\u00e7\u00e3o da forma\u00e7\u00e3o, em hor\u00e1rio a acordar, e ainda, se a natureza da queixa o justificar, por escrito junto da entidade de forma\u00e7\u00e3o, a qual responder\u00e1 apropriadamente e do mesmo modo<\/li>\n<\/ol>\n<p>&nbsp;<\/p>\n<h4><strong style=\"color: #000000; font-size: 18px;\">B.) ENTIDADE FORMADORA<\/strong><\/h4>\n<p><strong>B.1.) Deveres<\/strong><\/p>\n<ol>\n<li>Respeitar e fazer respeitar as condi\u00e7\u00f5es de higiene e seguran\u00e7a do local em que decorre a forma\u00e7\u00e3o;<\/li>\n<li>N\u00e3o exigir tarefas n\u00e3o compreendidas nos objectivos e \u00e2mbito do curso;<\/li>\n<li>Actuar no respeito das normas nacionais de prote\u00e7\u00e3o de dados pessoais, nomeadamente mantendo para uso estrito da a\u00e7\u00e3o de forma\u00e7\u00e3o os dados constantes da ficha de formando e dos <em>curricula vitae.<\/em><\/li>\n<\/ol>\n<p><strong>B.2.) Direitos<\/strong><\/p>\n<ol>\n<li>O cumprimento do regulamento e normas de funcionamento por parte das pessoas participantes;<\/li>\n<li>O tratamento com corre\u00e7\u00e3o de representantes do Forum Dan\u00e7a e colaboradores;<\/li>\n<li>Efetuar as altera\u00e7\u00f5es consideradas necess\u00e1rias aos hor\u00e1rios pr\u00e9-estabelecidos, comunicando-os atempadamente.<\/li>\n<\/ol>\n<p>&nbsp;<\/p>\n<h4><strong>C.) AVALIA\u00c7\u00c3O<\/strong><\/h4>\n<p><strong>C.1.) Avalia\u00e7\u00e3o qualitativa<\/strong><\/p>\n<ol>\n<li>Participa\u00e7\u00e3o e aproveitamento da forma\u00e7\u00e3o;<\/li>\n<li>Assiduidade e pontualidade.<\/li>\n<\/ol>\n<p><strong>C.2.) Avalia\u00e7\u00e3o quantitativa<\/strong><\/p>\n<ol>\n<li>No final dos semin\u00e1rios com dura\u00e7\u00e3o superior a 7 horas;<\/li>\n<li>No projecto final;<\/li>\n<li>No final do curso;<\/li>\n<li>Ser\u00e1 utilizada a escala num\u00e9rica de 0 a 20;<\/li>\n<li>A avalia\u00e7\u00e3o s\u00f3 ser\u00e1 feita em caso de presen\u00e7a em pelo menos 70% das horas totais de cada semin\u00e1rio.<\/li>\n<\/ol>\n<p><strong>C.3.) Nota final<\/strong><\/p>\n<ol>\n<li>Na atribui\u00e7\u00e3o da nota final, a valoriza\u00e7\u00e3o de cada semin\u00e1rio ser\u00e1 feita de forma ponderada, sendo-lhe atribu\u00edda uma nota quantitativa;<\/li>\n<li>A nota final ser\u00e1 expressa na escala de 0 a 20. Esta nota ser\u00e1 o resultado da pondera\u00e7\u00e3o das avalia\u00e7\u00f5es dos semin\u00e1rios e da avalia\u00e7\u00e3o do projeto final.<\/li>\n<li>A nota final obedecer\u00e1 \u00e0 seguinte f\u00f3rmula:<\/li>\n<\/ol>\n<p>[ ( Teatro+ M\u00fasica+ Dan\u00e7a + Comunica\u00e7\u00e3o x 3 + Gest\u00e3o Financeira x 3 + Dire\u00e7\u00e3o de Cena x 3 + Pol\u00edticas Culturais + Direito na Cultura + Estrat\u00e9gias de Programa\u00e7\u00e3o ) \/ 15 ] x 0,7 + Projeto x 0,3<\/p>\n<p><strong>C.4.) Certificado de forma\u00e7\u00e3o<\/strong><\/p>\n<p>No final da a\u00e7\u00e3o de forma\u00e7\u00e3o ser\u00e1 entregue um certificado comprovativo da frequ\u00eancia e do aproveitamento obtido.<\/p>\n<p>&nbsp;<\/p>\n<h4><strong>D.) DURA\u00c7\u00c3O DA FORMA\u00c7\u00c3O<\/strong><\/h4>\n<p>O per\u00edodo curricular do curso decorrer\u00e1 de 3 de fevereiro a 18 de dezembro de 2023, num total de 290h de forma\u00e7\u00e3o.<\/p>\n<p>O hor\u00e1rio de frequ\u00eancia ser\u00e1 \u00e0s sextas das 18h30 \u00e0s 22h00 e s\u00e1bados das 10h30 \u00e0s 14h00. Alguns m\u00f3dulos poder\u00e3o prolongar os hor\u00e1rios de s\u00e1bados at\u00e9 \u00e0s 17h00. Interrup\u00e7\u00e3o para f\u00e9rias em agosto. O plano anual do curso ser\u00e1 entregue no in\u00edcio do mesmo (podendo ocorrer algumas altera\u00e7\u00f5es pontuais que ser\u00e3o atempadamente comunicadas).[\/vc_column_text][\/vc_accordion_tab][\/vc_accordion][vc_empty_space height=&#8221;40px&#8221;][\/vc_column][\/vc_row][vc_row row_type=&#8221;row&#8221; use_row_as_full_screen_section=&#8221;no&#8221; type=&#8221;full_width&#8221; text_align=&#8221;left&#8221; background_animation=&#8221;none&#8221; css_animation=&#8221;&#8221;][vc_column][vc_column_text css=&#8221;&#8221;][\/vc_column_text][vc_empty_space height=&#8221;20px&#8221;][vc_empty_space height=&#8221;80px&#8221;][\/vc_column][\/vc_row]<\/p>\n<\/div>","protected":false},"excerpt":{"rendered":"<p>Semin\u00e1rios Abertos CGPAE &#8211; Curso de Gest\u00e3o\/Produ\u00e7\u00e3o\u00a0das Artes do Espect\u00e1culo.<\/p>\n","protected":false},"author":15,"featured_media":28254,"comment_status":"closed","ping_status":"closed","sticky":false,"template":"","format":"standard","meta":{"footnotes":""},"categories":[301,269,7,621,634,303],"tags":[],"class_list":["post-34348","post","type-post","status-publish","format-standard","has-post-thumbnail","hentry","category-advanced-training","category-blog-en","category-agenda-en","category-cgpae-en","category-seminars","category-training"],"_links":{"self":[{"href":"https:\/\/www.forumdanca.pt\/en\/wp-json\/wp\/v2\/posts\/34348","targetHints":{"allow":["GET"]}}],"collection":[{"href":"https:\/\/www.forumdanca.pt\/en\/wp-json\/wp\/v2\/posts"}],"about":[{"href":"https:\/\/www.forumdanca.pt\/en\/wp-json\/wp\/v2\/types\/post"}],"author":[{"embeddable":true,"href":"https:\/\/www.forumdanca.pt\/en\/wp-json\/wp\/v2\/users\/15"}],"replies":[{"embeddable":true,"href":"https:\/\/www.forumdanca.pt\/en\/wp-json\/wp\/v2\/comments?post=34348"}],"version-history":[{"count":0,"href":"https:\/\/www.forumdanca.pt\/en\/wp-json\/wp\/v2\/posts\/34348\/revisions"}],"wp:featuredmedia":[{"embeddable":true,"href":"https:\/\/www.forumdanca.pt\/en\/wp-json\/wp\/v2\/media\/28254"}],"wp:attachment":[{"href":"https:\/\/www.forumdanca.pt\/en\/wp-json\/wp\/v2\/media?parent=34348"}],"wp:term":[{"taxonomy":"category","embeddable":true,"href":"https:\/\/www.forumdanca.pt\/en\/wp-json\/wp\/v2\/categories?post=34348"},{"taxonomy":"post_tag","embeddable":true,"href":"https:\/\/www.forumdanca.pt\/en\/wp-json\/wp\/v2\/tags?post=34348"}],"curies":[{"name":"wp","href":"https:\/\/api.w.org\/{rel}","templated":true}]}}