{"id":34163,"date":"2023-09-01T16:22:04","date_gmt":"2023-09-01T15:22:04","guid":{"rendered":"https:\/\/www.forumdanca.pt\/premiere-amesterdao\/"},"modified":"2025-08-05T10:20:10","modified_gmt":"2025-08-05T09:20:10","slug":"premiere-amesterdao","status":"publish","type":"post","link":"https:\/\/www.forumdanca.pt\/en\/premiere-amesterdao\/","title":{"rendered":"PREMiERE <br>Open Days em Amesterd\u00e3o"},"content":{"rendered":"<div class=\"wpb-content-wrapper\"><p>[vc_row row_type=&#8221;row&#8221; use_row_as_full_screen_section=&#8221;no&#8221; type=&#8221;full_width&#8221; text_align=&#8221;left&#8221; background_animation=&#8221;none&#8221; css_animation=&#8221;&#8221;][vc_column][vc_column_text]<\/p>\n<h3>As artes do espet\u00e1culo encontram-se com a tecnologia<\/h3>\n<h5>19 a 21 de setembro de 2023<\/h5>\n<p>[\/vc_column_text][vc_empty_space][\/vc_column][\/vc_row][vc_row row_type=&#8221;row&#8221; use_row_as_full_screen_section=&#8221;no&#8221; type=&#8221;full_width&#8221; text_align=&#8221;left&#8221; background_animation=&#8221;none&#8221; css_animation=&#8221;&#8221;][vc_column][vc_column_text]O <strong>PREMiERE<\/strong> \u00e9 um projeto de investiga\u00e7\u00e3o e inova\u00e7\u00e3o do Horizon Europe que visa modernizar as artes do espet\u00e1culo, desenvolvendo e validando um ecossistema abrangente de aplica\u00e7\u00f5es digitais, alimentado por tecnologias de ponta de IA, XR e 3D. Para tal, re\u00fane parceiros de academias de arte, salas de espect\u00e1culos, centros de investiga\u00e7\u00e3o e do sector empresarial, de seis pa\u00edses europeus diferentes.<\/p>\n<p>&nbsp;<\/p>\n<p>Durante os Open Days do PREMIERE, o IDlab da Academia de Teatro e Dan\u00e7a e o ICK Space for Dance Art co-organizar\u00e3o reuni\u00f5es abertas, uma mesa redonda e um evento de discurso p\u00fablico com e para a comunidade local das artes performativas e o p\u00fablico em geral, a fim de apresentar o trabalho em curso do projeto, interagir com estudantes, antigos alunos e profissionais e refletir em conjunto sobre as potencialidades criativas e os aspectos \u00e9ticos das rela\u00e7\u00f5es entre a tecnologia, as artes performativas e o conhecimento intuitivo incorporado.<\/p>\n<p>&nbsp;<\/p>\n<p>Ser\u00e3o tr\u00eas os eventos Open Day co-organizados e acolhidos pela IDlab ATD Academy of Theatre and Dance &amp; ICK Space for Dance Art:<\/p>\n<p>&nbsp;<\/p>\n<p><strong>Ter\u00e7a-feira, 19 de setembro <\/strong><\/p>\n<p style=\"padding-left: 40px;\"><strong>Apresenta\u00e7\u00f5es da Premiere &#8211; MEET &amp; GREET<\/strong><br \/>\nApresenta\u00e7\u00e3o dos quatro projectos-piloto e mostra do trabalho em curso relativo \u00e0 captura e an\u00e1lise de movimentos, ensaios em RV, tecnologias de linguagem e cria\u00e7\u00e3o de ontologias para as artes performativas.<br \/>\n<strong>17:00-18:30 | AHK Culture Club Marineterrein<\/strong><br \/>\n<a href=\"https:\/\/goo.gl\/maps\/YY1epsoy7kRKkmqS6\" target=\"_blank\" rel=\"noopener\">Kattenburgerstraat 5, 27E, 1018 JA Amesterd\u00e3o<\/a><\/p>\n<p>&nbsp;<\/p>\n<p><strong>Quarta-feira, 20 de setembro <\/strong><\/p>\n<p style=\"padding-left: 40px;\"><strong>Arquivar para o futuro &#8211; Mesa redonda<\/strong><br \/>\nMesa redonda p\u00fablica com especialistas em artes performativas sobre as pr\u00e1ticas de arquivo numa dimens\u00e3o europeia.<br \/>\n<strong>14:00 &#8211; 18:00 | AHK Culture Club Marineterrein\u00a0<\/strong><br \/>\n<a href=\"https:\/\/goo.gl\/maps\/YY1epsoy7kRKkmqS6\" target=\"_blank\" rel=\"noopener\">Kattenburgerstraat 5, 27E, 1018 JA Amesterd\u00e3o<\/a><\/p>\n<p>&nbsp;<\/p>\n<p style=\"padding-left: 40px;\"><strong>FRA: IA, Criatividade e o Corpo em Revolta<\/strong><br \/>\nPotenciais criativos e aspectos \u00e9ticos das rela\u00e7\u00f5es entre a tecnologia, as artes performativas e o conhecimento intuitivo incorporado.<br \/>\n<strong>19:00-21:00 | ICK Space for Dance Art &#8211; WestBeat \/Rhino Space\u00a0<\/strong><br \/>\n<a href=\"https:\/\/goo.gl\/maps\/SS3Z2fh4kjM5i5Ug9\" target=\"_blank\" rel=\"noopener\">Rijnlandlaan 3, Gebouw Westbeat\u00a0<\/a><br \/>\nEste evento ser\u00e1 transmitido em direto.<\/p>\n<p>&nbsp;<\/p>\n<p><strong>Quinta-feira, 21 de setembro <\/strong><\/p>\n<p style=\"padding-left: 40px;\"><strong>Encontro de caminhadas<\/strong><br \/>\nApresenta\u00e7\u00e3o do workshop de tecnologia interactiva do Instituto Stocos para ex-alunos\/estudantes\/artistas.<br \/>\n<strong>17:00 &#8211; 19:00 | ATD IDlab Studio\u00a0<\/strong><br \/>\n<a href=\"https:\/\/goo.gl\/maps\/zsHyJSsnmod8S9WM6\" target=\"_blank\" rel=\"noopener\">Jodenbreestraat 3, 1011 NG Amesterd\u00e3o<\/a><\/p>\n<p style=\"padding-left: 40px;\">Registe-se <strong><a href=\"https:\/\/forms.gle\/rBUvCcN5UBheKdQi7\" target=\"_blank\" rel=\"noopener\">aqui<\/a>.<\/strong><\/p>\n<p>&nbsp;<\/p>\n<p>Todos os eventos ter\u00e3o lugar no local e s\u00e3o gratuitos. Descarregar o programa completo <strong><a href=\"https:\/\/premiere-project.eu\/wp-content\/uploads\/PremiereInAmsterdam23-v3.pdf\" target=\"_blank\" rel=\"noopener\">aqui<\/a><\/strong>.\u00a0Toda a informa\u00e7\u00e3o em ingl\u00eas no site do projeto PREMiERE, <strong><a href=\"https:\/\/premiere-project.eu\/save-the-date-19-21-september\/\" target=\"_blank\" rel=\"noopener\">aqui<\/a>.<\/strong>[\/vc_column_text][vc_empty_space height=&#8221;80px&#8221;][\/vc_column][\/vc_row][vc_row row_type=&#8221;row&#8221; use_row_as_full_screen_section=&#8221;no&#8221; type=&#8221;full_width&#8221; text_align=&#8221;left&#8221; background_animation=&#8221;none&#8221; css_animation=&#8221;&#8221;][vc_column][vc_separator type=&#8221;full_width&#8221; border_style=&#8221;solid&#8221; down=&#8221;80&#8243;][\/vc_column][\/vc_row][vc_row row_type=&#8221;row&#8221; use_row_as_full_screen_section=&#8221;no&#8221; type=&#8221;full_width&#8221; text_align=&#8221;left&#8221; background_animation=&#8221;none&#8221; css_animation=&#8221;&#8221;][vc_column width=&#8221;1\/4&#8243;][vc_single_image image=&#8221;30566&#8243; img_size=&#8221;139 x 150&#8243; qode_css_animation=&#8221;&#8221;][\/vc_column][vc_column width=&#8221;3\/4&#8243;][vc_single_image image=&#8221;30564&#8243; img_size=&#8221;186 x 39&#8243; qode_css_animation=&#8221;&#8221;][vc_empty_space height=&#8221;20px&#8221;][vc_column_text]Financiado pela Uni\u00e3o Europeia. Os pontos de vista e opini\u00f5es expressos s\u00e3o, no entanto, da exclusiva responsabilidade do(s) autor(es) e n\u00e3o refletem necessariamente os da Uni\u00e3o Europeia ou da Ag\u00eancia Executiva Europeia de Investiga\u00e7\u00e3o (REA). Nem a Uni\u00e3o Europeia nem a autoridade que concedeu o financiamento podem ser responsabilizadas pelos mesmos.[\/vc_column_text][vc_empty_space height=&#8221;40px&#8221;][\/vc_column][\/vc_row]<\/p>\n<\/div>","protected":false},"excerpt":{"rendered":"<p>PREMIERE | Dias Abertos em Madrid: Pr\u00e1ticas performativas entre arte e ci\u00eancia. Mar\u00e7o 2024<\/p>\n","protected":false},"author":15,"featured_media":31169,"comment_status":"closed","ping_status":"closed","sticky":false,"template":"","format":"standard","meta":{"footnotes":""},"categories":[151,245,247,747],"tags":[],"class_list":["post-34163","post","type-post","status-publish","format-standard","has-post-thumbnail","hentry","category-agenda","category-blog","category-destaques","category-premiere"],"_links":{"self":[{"href":"https:\/\/www.forumdanca.pt\/en\/wp-json\/wp\/v2\/posts\/34163","targetHints":{"allow":["GET"]}}],"collection":[{"href":"https:\/\/www.forumdanca.pt\/en\/wp-json\/wp\/v2\/posts"}],"about":[{"href":"https:\/\/www.forumdanca.pt\/en\/wp-json\/wp\/v2\/types\/post"}],"author":[{"embeddable":true,"href":"https:\/\/www.forumdanca.pt\/en\/wp-json\/wp\/v2\/users\/15"}],"replies":[{"embeddable":true,"href":"https:\/\/www.forumdanca.pt\/en\/wp-json\/wp\/v2\/comments?post=34163"}],"version-history":[{"count":0,"href":"https:\/\/www.forumdanca.pt\/en\/wp-json\/wp\/v2\/posts\/34163\/revisions"}],"wp:featuredmedia":[{"embeddable":true,"href":"https:\/\/www.forumdanca.pt\/en\/wp-json\/wp\/v2\/media\/31169"}],"wp:attachment":[{"href":"https:\/\/www.forumdanca.pt\/en\/wp-json\/wp\/v2\/media?parent=34163"}],"wp:term":[{"taxonomy":"category","embeddable":true,"href":"https:\/\/www.forumdanca.pt\/en\/wp-json\/wp\/v2\/categories?post=34163"},{"taxonomy":"post_tag","embeddable":true,"href":"https:\/\/www.forumdanca.pt\/en\/wp-json\/wp\/v2\/tags?post=34163"}],"curies":[{"name":"wp","href":"https:\/\/api.w.org\/{rel}","templated":true}]}}