{"id":33925,"date":"2025-06-11T11:29:41","date_gmt":"2025-06-11T10:29:41","guid":{"rendered":"https:\/\/www.forumdanca.pt\/?p=33925"},"modified":"2025-06-16T12:23:13","modified_gmt":"2025-06-16T11:23:13","slug":"maria-f-scaroni","status":"publish","type":"post","link":"https:\/\/www.forumdanca.pt\/en\/maria-f-scaroni\/","title":{"rendered":"Maria F. Scaroni"},"content":{"rendered":"<div class=\"wpb-content-wrapper\"><p>[vc_row row_type=&#8221;row&#8221; use_row_as_full_screen_section=&#8221;no&#8221; type=&#8221;full_width&#8221; text_align=&#8221;left&#8221; background_animation=&#8221;none&#8221; css_animation=&#8221;&#8221;][vc_column][vc_column_text css=&#8221;&#8221;]<\/p>\n<h4>11 june, 2025, from 18h00 to 20h00<\/h4>\n<p>[\/vc_column_text][vc_empty_space][\/vc_column][\/vc_row][vc_row row_type=&#8221;row&#8221; use_row_as_full_screen_section=&#8221;no&#8221; type=&#8221;full_width&#8221; text_align=&#8221;left&#8221; background_animation=&#8221;none&#8221; css_animation=&#8221;&#8221;][vc_column][vc_column_text css=&#8221;&#8221;]<\/p>\n<p><strong>The lecture will be conducted in English.<\/strong>[\/vc_column_text][vc_empty_space][vc_empty_space][vc_empty_space height=&#8221;40px&#8221;][\/vc_column][\/vc_row][vc_row row_type=&#8221;row&#8221; use_row_as_full_screen_section=&#8221;no&#8221; type=&#8221;full_width&#8221; text_align=&#8221;left&#8221; background_animation=&#8221;none&#8221; css_animation=&#8221;&#8221;][vc_column][vc_accordion active_tab=&#8221;false&#8221; collapsible=&#8221;yes&#8221; style=&#8221;boxed_accordion&#8221;][vc_accordion_tab title=&#8221;Maria F. Scaroni&#8221; title_color=&#8221;#000000&#8243; background_color=&#8221;#eeeeee&#8221;][vc_row_inner row_type=&#8221;row&#8221; type=&#8221;full_width&#8221; use_row_as_full_screen_section_slide=&#8221;no&#8221; text_align=&#8221;left&#8221; css_animation=&#8221;&#8221; css=&#8221;.vc_custom_1687372899171{padding-left: 25px !important;}&#8221;][vc_column_inner width=&#8221;1\/3&#8243;][vc_single_image image=&#8221;33917&#8243; img_size=&#8221;250&#215;334&#8243; add_caption=&#8221;yes&#8221; css=&#8221;&#8221; qode_css_animation=&#8221;&#8221;][\/vc_column_inner][vc_column_inner width=&#8221;2\/3&#8243;][vc_column_text css=&#8221;&#8221;]<span style=\"font-weight: 400;\">Maria F. Scaroni (IT\/DE) has been active in the Berlin scene since 2004, both interpreting and choreographing works and building community through teaching workshops and hosting events. She worked with Meg Stuart, Tino Sehgal, Jeremy Wade, Wilhelm Groener, Manuel Pelmus and several others. Between 2004 and 2014 in San Francisco she met, trained and collaborated with artists such as Sara Shelton Mann, Stephanie Maher, Keith Hennessy, Jess Curtis, a.o., these encounters deeply shaped her physical and performative practice, where dance is intertwined with healing, queer methodologies, social justice and radical play. Her workshops and curated events swell beyond the dance field and include dancers, queers, theater makers, visual artists, academics, social workers, ravers, activists.<\/span>[\/vc_column_text][\/vc_column_inner][\/vc_row_inner][\/vc_accordion_tab][vc_accordion_tab title=&#8221;General Information&#8221; title_color=&#8221;#000000&#8243; background_color=&#8221;#eeeeee&#8221;][vc_column_text css=&#8221;.vc_custom_1749640050069{padding-left: 25px !important;}&#8221;]<strong>Data<\/strong><\/p>\n<p>June 11, 2025, 18h00 &#8211; 20h00<\/p>\n<p>&nbsp;<\/p>\n<p><strong>Local<\/strong><br \/>\nForum Dan\u00e7a &#8211; Espa\u00e7o da Penha<br \/>\nTravessa do Calado, 26B, 1170-070 Lisboa<\/p>\n<p>&nbsp;<\/p>\n<p><strong>Entrada livre, sujeita \u00e0 lota\u00e7\u00e3o do espa\u00e7o.<\/strong>[\/vc_column_text][\/vc_accordion_tab][\/vc_accordion][vc_empty_space][vc_column_text css=&#8221;&#8221;]Top photo \u00a9 YA[\/vc_column_text][vc_empty_space height=&#8221;80px&#8221;][\/vc_column][\/vc_row][vc_row row_type=&#8221;row&#8221; use_row_as_full_screen_section=&#8221;no&#8221; type=&#8221;full_width&#8221; text_align=&#8221;left&#8221; background_animation=&#8221;none&#8221; css_animation=&#8221;&#8221;][vc_column][vc_column_text css=&#8221;&#8221;]<\/p>\n<div class=\"wpb_text_column wpb_content_element \">\n<div class=\"wpb_wrapper\">\n<h3>PACAP 8 \/ Mystery School lectures<\/h3>\n<\/div>\n<\/div>\n<p>[\/vc_column_text][vc_empty_space][vc_basic_grid post_type=&#8221;post&#8221; max_items=&#8221;-1&#8243; style=&#8221;pagination&#8221; items_per_page=&#8221;6&#8243; element_width=&#8221;2&#8243; item=&#8221;22505&#8243; initial_loading_animation=&#8221;none&#8221; css=&#8221;&#8221; grid_id=&#8221;vc_gid:1750072984504-6a0be2fd-5ae1-9&#8243; taxonomies=&#8221;888&#8243;][vc_empty_space height=&#8221;80px&#8221;][\/vc_column][\/vc_row][vc_row row_type=&#8221;row&#8221; use_row_as_full_screen_section=&#8221;no&#8221; type=&#8221;full_width&#8221; text_align=&#8221;left&#8221; background_animation=&#8221;none&#8221; css_animation=&#8221;&#8221;][vc_column][vc_column_text css=&#8221;&#8221;]<\/p>\n<h3><strong>Support and Partnerships<\/strong><\/h3>\n<p><strong>Co-Production PACAP 8:<\/strong>\u00a0Culturgest | Teatro do Bairro Alto | Anda &amp; Fala | Walk e Talk | Goethe-Institut Portugal, in the scope of\u00a0<em>Kulturfest<\/em>\u00a0festival.<\/p>\n<p><strong>Co-producer in Residency PACAP 8:<\/strong>\u00a0O Espa\u00e7o do Tempo<\/p>\n<p><strong>Support PACAP 8:\u00a0<\/strong>Alkantara | Casa da Dan\u00e7a \u2013 Almada | Funda\u00e7\u00e3o GDA | Kees Eijrond Foundation | OPART, E.P.E\/Est\u00fadios Victor C\u00f3rdon | O Rumo do Fumo | Piscina[\/vc_column_text][vc_empty_space height=&#8221;40px&#8221;][vc_row_inner row_type=&#8221;row&#8221; type=&#8221;full_width&#8221; use_row_as_full_screen_section_slide=&#8221;no&#8221; text_align=&#8221;left&#8221; css_animation=&#8221;&#8221;][vc_column_inner][vc_single_image image=&#8221;33352&#8243; img_size=&#8221;&#8221; css=&#8221;&#8221; qode_css_animation=&#8221;&#8221;][\/vc_column_inner][\/vc_row_inner][vc_empty_space height=&#8221;40px&#8221;][\/vc_column][\/vc_row]<\/p>\n<\/div>","protected":false},"excerpt":{"rendered":"<p>Lecture PACAP 8\/MyS, by Maria F. Scaroni. Espa\u00e7o da Penha, June 4, 2025, from 18h00 to 20h00.<\/p>\n","protected":false},"author":15,"featured_media":33919,"comment_status":"closed","ping_status":"closed","sticky":false,"template":"","format":"standard","meta":{"footnotes":""},"categories":[269,7,311,299,889,751,287],"tags":[],"class_list":["post-33925","post","type-post","status-publish","format-standard","has-post-thumbnail","hentry","category-blog-en","category-agenda-en","category-highlights","category-history","category-lectures-pacap-8-mys","category-pacap8-en","category-talks"],"_links":{"self":[{"href":"https:\/\/www.forumdanca.pt\/en\/wp-json\/wp\/v2\/posts\/33925","targetHints":{"allow":["GET"]}}],"collection":[{"href":"https:\/\/www.forumdanca.pt\/en\/wp-json\/wp\/v2\/posts"}],"about":[{"href":"https:\/\/www.forumdanca.pt\/en\/wp-json\/wp\/v2\/types\/post"}],"author":[{"embeddable":true,"href":"https:\/\/www.forumdanca.pt\/en\/wp-json\/wp\/v2\/users\/15"}],"replies":[{"embeddable":true,"href":"https:\/\/www.forumdanca.pt\/en\/wp-json\/wp\/v2\/comments?post=33925"}],"version-history":[{"count":0,"href":"https:\/\/www.forumdanca.pt\/en\/wp-json\/wp\/v2\/posts\/33925\/revisions"}],"wp:featuredmedia":[{"embeddable":true,"href":"https:\/\/www.forumdanca.pt\/en\/wp-json\/wp\/v2\/media\/33919"}],"wp:attachment":[{"href":"https:\/\/www.forumdanca.pt\/en\/wp-json\/wp\/v2\/media?parent=33925"}],"wp:term":[{"taxonomy":"category","embeddable":true,"href":"https:\/\/www.forumdanca.pt\/en\/wp-json\/wp\/v2\/categories?post=33925"},{"taxonomy":"post_tag","embeddable":true,"href":"https:\/\/www.forumdanca.pt\/en\/wp-json\/wp\/v2\/tags?post=33925"}],"curies":[{"name":"wp","href":"https:\/\/api.w.org\/{rel}","templated":true}]}}