{"id":33441,"date":"2025-04-01T16:02:13","date_gmt":"2025-04-01T15:02:13","guid":{"rendered":"https:\/\/www.forumdanca.pt\/palestras-pacap8-mys-marcio-k-canabarro\/"},"modified":"2025-04-09T14:10:42","modified_gmt":"2025-04-09T13:10:42","slug":"palestras-pacap8-mys-marcio-k-canabarro","status":"publish","type":"post","link":"https:\/\/www.forumdanca.pt\/en\/palestras-pacap8-mys-marcio-k-canabarro\/","title":{"rendered":"M\u00e1rcio K. Canabarro"},"content":{"rendered":"<div class=\"wpb-content-wrapper\"><p>[vc_row row_type=&#8221;row&#8221; use_row_as_full_screen_section=&#8221;no&#8221; type=&#8221;full_width&#8221; text_align=&#8221;left&#8221; background_animation=&#8221;none&#8221; css_animation=&#8221;&#8221;][vc_column][vc_column_text css=&#8221;&#8221;]<\/p>\n<h4>25th June 2025, from 18h00 to 20h00<\/h4>\n<p>[\/vc_column_text][vc_empty_space][\/vc_column][\/vc_row][vc_row row_type=&#8221;row&#8221; use_row_as_full_screen_section=&#8221;no&#8221; type=&#8221;full_width&#8221; text_align=&#8221;left&#8221; background_animation=&#8221;none&#8221; css_animation=&#8221;&#8221;][vc_column][vc_column_text css=&#8221;&#8221;]<\/p>\n<h4>Auto-Fiction as Awareness Practice<\/h4>\n<p><strong>(Auto-Fic\u00e7\u00e3o como Pr\u00e1tica de Consci\u00eancia)<\/strong>[\/vc_column_text][vc_empty_space][vc_column_text css=&#8221;&#8221;]This \u201clecture\u201d, <em>Auto-Fiction as Awareness Practice<\/em>, explores storytelling, embodiment, and perception. It studies how writing and dance serve as tools for self-translation, allowing the artist to reshape identity, memory, and reality itself. As vision fades, the body becomes a living text\u2014one that the audience reads, interprets, and possesses.<\/p>\n<p>&nbsp;<\/p>\n<p>The \u201clecture\u201d disturbs ideas of truth, proposing fiction as a deeper form of honesty. It teases the gaze, asking: Can vision divorce point of view? What is more real\u2014the act of creation or the circumstances of the creator?<\/p>\n<p>&nbsp;<\/p>\n<p>Through \u201cscience\u201d, \u201cdance\u201d, and radical self-narration, the speaker performs an experiment in presence and disappearance, where seeing itself is queered by its biochemical origins. This is not just a talk; it is an invitation to surrender\u2014to fiction, to movement, to heart brakes (because they can produce so much writing).<\/p>\n<p>&nbsp;<\/p>\n<p>And afterwards? We\u2019ll drink. Or we\u2019ll talk. Or both.[\/vc_column_text][vc_empty_space][vc_column_text css=&#8221;&#8221;]<strong>This lecture will be conducted in English.<\/strong>[\/vc_column_text][vc_empty_space height=&#8221;40px&#8221;][\/vc_column][\/vc_row][vc_row row_type=&#8221;row&#8221; use_row_as_full_screen_section=&#8221;no&#8221; type=&#8221;full_width&#8221; text_align=&#8221;left&#8221; background_animation=&#8221;none&#8221; css_animation=&#8221;&#8221;][vc_column][vc_accordion active_tab=&#8221;false&#8221; collapsible=&#8221;yes&#8221; style=&#8221;boxed_accordion&#8221;][vc_accordion_tab title=&#8221;M\u00e1rcio K. Canabarro&#8221; title_color=&#8221;#000000&#8243; background_color=&#8221;#eeeeee&#8221;][vc_row_inner row_type=&#8221;row&#8221; type=&#8221;full_width&#8221; use_row_as_full_screen_section_slide=&#8221;no&#8221; text_align=&#8221;left&#8221; css_animation=&#8221;&#8221; css=&#8221;.vc_custom_1687372899171{padding-left: 25px !important;}&#8221;][vc_column_inner width=&#8221;1\/3&#8243;][vc_single_image image=&#8221;33435&#8243; img_size=&#8221;250&#215;334&#8243; add_caption=&#8221;yes&#8221; css=&#8221;&#8221; qode_css_animation=&#8221;&#8221;][\/vc_column_inner][vc_column_inner width=&#8221;2\/3&#8243;][vc_column_text css=&#8221;&#8221;]M\u00e1rcio K. Canabarro was born in 1985 in Brazil. He is a dancer and choreographer with a BA in Social Communication, a Performing Major from SEAD, and a certified Embodied Myoreflex Therapy Practitioner.<\/p>\n<p>M\u00e1rcio is interested in exploring the intersections of narratology, performance and mindfulness practices. His work focuses on the socio-emotional implications of cultural biases around vision in shaping the intimacy, self-esteem, and social roles of the blind, visually impaired, loosing eye-sight individuals.<\/p>\n<p>He has a degenerative disease called <em>retinitis pigmentosa<\/em>, which causes progressive loss of peripheral vision and eventually blindness. Rather than treating it as an obstacle, he views it as a creative collaborator that requires adaptability, inventiveness, and connection. Reframing the experience of visual impairment not as an isolating one, but as an opportunity to mediate an alternative point of awareness.<\/p>\n<p>M\u00e1rcio also works as a freelance dancer for Hodworks (HU), CRANKY BODIES\/ a company (DE) and Meg Stuart\/ Damaged Goods (BE\/DE). In the past he has collaborated with Benoit Lachambre, Sara Shelton Mann, Mark Thompkins, Keith Henessy and others.[\/vc_column_text][\/vc_column_inner][\/vc_row_inner][\/vc_accordion_tab][vc_accordion_tab title=&#8221;General information&#8221; title_color=&#8221;#000000&#8243; background_color=&#8221;#eeeeee&#8221;][vc_column_text css=&#8221;.vc_custom_1743522385852{padding-left: 25px !important;}&#8221;]<strong>Date<\/strong><\/p>\n<p>25th June 2025, from 18h00 to 20h00<\/p>\n<p>&nbsp;<\/p>\n<p><strong>Venue<\/strong><br \/>\nForum Dan\u00e7a &#8211; Espa\u00e7o da Penha<br \/>\nTravessa do Calado, 26B, 1170-070 Lisboa<\/p>\n<p>&nbsp;<\/p>\n<p><strong>Free entry, subject to capacity.<\/strong>[\/vc_column_text][\/vc_accordion_tab][\/vc_accordion][vc_empty_space][vc_column_text css=&#8221;&#8221;]Top image \u00a9 Pat Mic[\/vc_column_text][vc_empty_space height=&#8221;80px&#8221;][\/vc_column][\/vc_row][vc_row row_type=&#8221;row&#8221; use_row_as_full_screen_section=&#8221;no&#8221; type=&#8221;full_width&#8221; text_align=&#8221;left&#8221; background_animation=&#8221;none&#8221; css_animation=&#8221;&#8221;][vc_column][vc_column_text css=&#8221;&#8221;]<\/p>\n<h3>PACAP 8 \/ Mystery School lectures<\/h3>\n<p>[\/vc_column_text][vc_empty_space][vc_basic_grid post_type=&#8221;post&#8221; max_items=&#8221;-1&#8243; style=&#8221;pagination&#8221; items_per_page=&#8221;6&#8243; element_width=&#8221;2&#8243; item=&#8221;22505&#8243; initial_loading_animation=&#8221;none&#8221; css=&#8221;&#8221; grid_id=&#8221;vc_gid:1744204238946-9be2b320-1cd5-4&#8243; taxonomies=&#8221;888&#8243;][vc_empty_space height=&#8221;80px&#8221;][\/vc_column][\/vc_row][vc_row row_type=&#8221;row&#8221; use_row_as_full_screen_section=&#8221;no&#8221; type=&#8221;full_width&#8221; text_align=&#8221;left&#8221; background_animation=&#8221;none&#8221; css_animation=&#8221;&#8221;][vc_column][vc_column_text css=&#8221;&#8221;]<\/p>\n<h3><strong>Support and Partnerships<\/strong><\/h3>\n<p><strong>Co-Production PACAP 8:<\/strong> Culturgest | Teatro do Bairro Alto | Anda &amp; Fala | Walk e Talk | Goethe-Institut Portugal, in the scope of <em>Kulturfest<\/em> festival.<\/p>\n<p><strong>Co-producer in Residency PACAP 8:<\/strong> O Espa\u00e7o do Tempo<\/p>\n<p><strong>Support PACAP 8: <\/strong>Alkantara | Casa da Dan\u00e7a \u2013 Almada | Funda\u00e7\u00e3o GDA | Kees Eijrond Foundation | OPART, E.P.E\/Est\u00fadios Victor C\u00f3rdon | O Rumo do Fumo | Piscina[\/vc_column_text][vc_empty_space height=&#8221;40px&#8221;][vc_row_inner row_type=&#8221;row&#8221; type=&#8221;full_width&#8221; use_row_as_full_screen_section_slide=&#8221;no&#8221; text_align=&#8221;left&#8221; css_animation=&#8221;&#8221;][vc_column_inner][vc_single_image image=&#8221;33352&#8243; img_size=&#8221;&#8221; css=&#8221;&#8221; qode_css_animation=&#8221;&#8221;][\/vc_column_inner][\/vc_row_inner][vc_empty_space height=&#8221;40px&#8221;][\/vc_column][\/vc_row]<\/p>\n<\/div>","protected":false},"excerpt":{"rendered":"<p>PACAp 8\/MyS talk by M\u00e1rcio K. Canabarro. At Espa\u00e7o da Penha, 25 June 2025, from 18h00 to 20h00.<\/p>\n","protected":false},"author":15,"featured_media":33437,"comment_status":"closed","ping_status":"closed","sticky":false,"template":"","format":"standard","meta":{"footnotes":""},"categories":[269,7,311,299,889],"tags":[],"class_list":["post-33441","post","type-post","status-publish","format-standard","has-post-thumbnail","hentry","category-blog-en","category-agenda-en","category-highlights","category-history","category-lectures-pacap-8-mys"],"_links":{"self":[{"href":"https:\/\/www.forumdanca.pt\/en\/wp-json\/wp\/v2\/posts\/33441","targetHints":{"allow":["GET"]}}],"collection":[{"href":"https:\/\/www.forumdanca.pt\/en\/wp-json\/wp\/v2\/posts"}],"about":[{"href":"https:\/\/www.forumdanca.pt\/en\/wp-json\/wp\/v2\/types\/post"}],"author":[{"embeddable":true,"href":"https:\/\/www.forumdanca.pt\/en\/wp-json\/wp\/v2\/users\/15"}],"replies":[{"embeddable":true,"href":"https:\/\/www.forumdanca.pt\/en\/wp-json\/wp\/v2\/comments?post=33441"}],"version-history":[{"count":0,"href":"https:\/\/www.forumdanca.pt\/en\/wp-json\/wp\/v2\/posts\/33441\/revisions"}],"wp:featuredmedia":[{"embeddable":true,"href":"https:\/\/www.forumdanca.pt\/en\/wp-json\/wp\/v2\/media\/33437"}],"wp:attachment":[{"href":"https:\/\/www.forumdanca.pt\/en\/wp-json\/wp\/v2\/media?parent=33441"}],"wp:term":[{"taxonomy":"category","embeddable":true,"href":"https:\/\/www.forumdanca.pt\/en\/wp-json\/wp\/v2\/categories?post=33441"},{"taxonomy":"post_tag","embeddable":true,"href":"https:\/\/www.forumdanca.pt\/en\/wp-json\/wp\/v2\/tags?post=33441"}],"curies":[{"name":"wp","href":"https:\/\/api.w.org\/{rel}","templated":true}]}}