{"id":30450,"date":"2023-10-28T16:50:47","date_gmt":"2023-10-28T15:50:47","guid":{"rendered":"https:\/\/www.forumdanca.pt\/?p=30450"},"modified":"2024-04-22T20:03:06","modified_gmt":"2024-04-22T19:03:06","slug":"workshop-butoh-yael-karavan","status":"publish","type":"post","link":"https:\/\/www.forumdanca.pt\/en\/workshop-butoh-yael-karavan\/","title":{"rendered":"Workshop Butoh <br>Yael Karavan"},"content":{"rendered":"<div class=\"wpb-content-wrapper\"><p>[vc_row row_type=&#8221;row&#8221; use_row_as_full_screen_section=&#8221;no&#8221; type=&#8221;full_width&#8221; text_align=&#8221;left&#8221; background_animation=&#8221;none&#8221; css_animation=&#8221;&#8221;][vc_column][vc_column_text]<\/p>\n<h4><strong>9 and 10 December 2023 | 11h00 &#8211; 17h00<\/strong><\/h4>\n<p>[\/vc_column_text][vc_empty_space][\/vc_column][\/vc_row][vc_row row_type=&#8221;row&#8221; use_row_as_full_screen_section=&#8221;no&#8221; type=&#8221;full_width&#8221; text_align=&#8221;left&#8221; background_animation=&#8221;none&#8221; css_animation=&#8221;&#8221;][vc_column][vc_column_text]<\/p>\n<h4><strong>Butoh fu &#8211; Composition with images, the mysterious language of Ankoku Butoh<\/strong><\/h4>\n<p>&nbsp;<\/p>\n<p>Butoh is an avant-garde, radical, revolutionary dance of transformation, which emerged at the end of the 50ese in Japan, it is not a technique but rather a method and a philosophy, an approach to dance that is born within us and connects us to our essence, nature, the universe and the cycles of life and death.<\/p>\n<p>Tatsumi Hijikata, the main Ankoku Butoh Dance Founder (Ankoku Butoh- dance of Darkness) used imagery to choreograph his dancers. Butoh-Fu is something that Yukio Waguri, one of his long time dancers, put together from his own notes of the words used by T.Hijikata when he choreographed his dancers at Asbestos-kan, the studio he led in Tokyo.<\/p>\n<p>In this workshop, Karavan introduces, explores and gives experience of numerous original Butoh-Fu, taking us onto a journey through the origins researching for new ways of writing dance \/ movement scores. Butoh-Fu allows us to encounter the absurd, dadaist and obscure realms of Tatsumi Hijikata, Kazuo Ohno and Ankoku Butoh.<\/p>\n<p>The main elements that will be explored in the workshop are metamorphoses, dance through imagery, presence, awareness, and the tension between opposites with the aim to free the body from its mundane preconceived set of gestures and movements and thus allowing us to access a deeper and more authentic essence of movement and archetypal expression.<\/p>\n<p>Questioning how Butoh can be translated into a European Body and why Butoh is still extremely relevant nowadays, Karavan shares more than 25 years of Butoh experience, during which she had the opportunity to work with founders of Butoh in Japan, Kazuo Ohno and Motofuji San \u2013 wife of T. Hijikata \u2013 as well as with Tadashi Endo and MAMU dance theatre, Yumiko Yoshioka and Ten-Pen-Chi, Sankai Juku, Minako Seki, Carlota Ikeda, Akira Kasai, Ko Morobushi and Natsu Nakajuma among others.<\/p>\n<p>&nbsp;<\/p>\n<p>Photo \u00a9 Raul Bartolome[\/vc_column_text][vc_empty_space height=&#8221;80px&#8221;][\/vc_column][\/vc_row][vc_row row_type=&#8221;row&#8221; use_row_as_full_screen_section=&#8221;no&#8221; type=&#8221;full_width&#8221; text_align=&#8221;left&#8221; background_animation=&#8221;none&#8221; css_animation=&#8221;&#8221;][vc_column][vc_column_text]<\/p>\n<h3><b>General Information<\/b><\/h3>\n<p>[\/vc_column_text][vc_empty_space height=&#8221;20px&#8221;][vc_column_text]<strong>Dates<\/strong>: 9th and 10th December (Saturday and Sunday) 2023<br \/>\n<strong>Time<\/strong>: 11.00 a.m. to 5.00 p.m.<br \/>\n<strong>Venue<\/strong>: Forum Dan\u00e7a &#8211; Espa\u00e7o da Penha, Lisbon<br \/>\n<strong>Target audience<\/strong>: Professionals, students and people with previous experience in movement, dance and\/or theatre.<br \/>\n<strong>Maximum number of participants<\/strong>: 20 people[\/vc_column_text][vc_empty_space height=&#8221;80px&#8221;][\/vc_column][\/vc_row][vc_row row_type=&#8221;row&#8221; use_row_as_full_screen_section=&#8221;no&#8221; type=&#8221;full_width&#8221; text_align=&#8221;left&#8221; background_animation=&#8221;none&#8221; css_animation=&#8221;&#8221;][vc_column][vc_column_text]<\/p>\n<h3><b>Pr\u00e9-inscri\u00e7\u00e3o<\/b><\/h3>\n<p>[\/vc_column_text][vc_empty_space height=&#8221;20px&#8221;][vc_column_text]Pre-registration is made using the form available on our website and will be validated once proof of payment has been received and sent to our email address.[\/vc_column_text][vc_empty_space height=&#8221;20px&#8221;][vc_column_text]<strong>Pre-registration process<\/strong><\/p>\n<ol>\n<li>Pre-register online using the form provided;<\/li>\n<li>Wait for our email with payment instructions;<\/li>\n<li>Pay your registration fee as indicated in the email sent to you;<\/li>\n<li>Send us proof of payment by email;<\/li>\n<li>Your registration will only be validated once we have received your receipt.<\/li>\n<\/ol>\n<p>[\/vc_column_text][vc_empty_space height=&#8221;80px&#8221;][\/vc_column][\/vc_row][vc_row row_type=&#8221;row&#8221; use_row_as_full_screen_section=&#8221;no&#8221; type=&#8221;full_width&#8221; text_align=&#8221;left&#8221; background_animation=&#8221;none&#8221; css_animation=&#8221;&#8221;][vc_column][vc_column_text]<\/p>\n<h3><strong>Participation Fee<\/strong><\/h3>\n<p>[\/vc_column_text][vc_empty_space height=&#8221;20px&#8221;][vc_column_text]<\/p>\n<ul>\n<li><strong>Until 2nd December:<\/strong> \u20ac75.00<\/li>\n<li><strong>From 3 December:<\/strong> \u20ac85.00<\/li>\n<li><strong>10% discount:<\/strong> for people who attend or have attended Forum Dan\u00e7a long-term courses (PACAP\/CGPAE\/PEPCC\/etc.);<\/li>\n<\/ul>\n<p>[\/vc_column_text][vc_empty_space height=&#8221;80px&#8221;][\/vc_column][\/vc_row][vc_row row_type=&#8221;row&#8221; use_row_as_full_screen_section=&#8221;no&#8221; type=&#8221;full_width&#8221; text_align=&#8221;left&#8221; background_animation=&#8221;none&#8221; css_animation=&#8221;&#8221;][vc_column][vc_column_text]<\/p>\n<h3><strong>Bio<\/strong><\/h3>\n<p>[\/vc_column_text][vc_empty_space height=&#8221;20px&#8221;][vc_row_inner row_type=&#8221;row&#8221; type=&#8221;full_width&#8221; use_row_as_full_screen_section_slide=&#8221;no&#8221; text_align=&#8221;left&#8221; css_animation=&#8221;&#8221;][vc_column_inner width=&#8221;1\/3&#8243;][vc_single_image image=&#8221;28112&#8243; img_size=&#8221;250&#215;334&#8243; add_caption=&#8221;yes&#8221; qode_css_animation=&#8221;&#8221;][\/vc_column_inner][vc_column_inner width=&#8221;2\/3&#8243;][vc_column_text]International performer, dancer and Artistic director of the Karavan Ensemble, Yael was born in Israel and grew up in Florence, Paris and London. In her dance research she travelled across Europe, Japan, Russia and Brazil searching for a physical language of expression bridging between East and West dance and theatre. Her work is often described as visual poetry, drawing on elements of Butoh, dance, mime, clown, physical and visual theatre she explores themes of Memory, Metamorphosis, the invisible and the notion of repetitive cycles, as well as current urgent socio-political issues such as climate change, immigration, diversity and inequality. Karavan\u2019s work is presented worldwide in theatres, galleries and museums, often in a site-specific context. She studied and worked with Butoh masters such as Kazuo Ohno, Tadashi Endo, Carlotta Ikeda, Yumiko Yoshioka, Akiko Motofuji, Ko Morobushi, Natsu Nakajima, Akira Kasai, Yuko Kaseki, Minako Seki, Atsushi Takenuchi and sankai Juku amongst others. She was a member of Tadashi Endo\u2019s MA-MU Dance Theatre for nearly 8 years and of Ten-Pen-Chi led by Yumiko Yoshioka for 3 years and has been teaching workshops internationally since 1999.<\/p>\n<p>&nbsp;<\/p>\n<p><strong>More information:<\/strong> <a href=\"http:\/\/www.yaelkaravan.com\" target=\"_blank\" rel=\"noopener\">www.yaelkaravan.com<\/a>[\/vc_column_text][\/vc_column_inner][\/vc_row_inner][vc_empty_space height=&#8221;80px&#8221;][\/vc_column][\/vc_row][vc_row row_type=&#8221;row&#8221; use_row_as_full_screen_section=&#8221;no&#8221; type=&#8221;full_width&#8221; text_align=&#8221;left&#8221; background_animation=&#8221;none&#8221; css_animation=&#8221;&#8221;][vc_column][vc_column_text]<\/p>\n<h2><strong>Pre-registration form<\/strong><\/h2>\n<p>[\/vc_column_text][vc_empty_space height=&#8221;40px&#8221;][vc_column_text css=&#8221;&#8221;]Registrations are now closed.[\/vc_column_text][vc_empty_space height=&#8221;80px&#8221;][\/vc_column][\/vc_row]<\/p>\n<\/div>","protected":false},"excerpt":{"rendered":"<p>Butoh workshop with Yael Karavan. From 9 to 10 December at Forum Dan\u00e7a.<\/p>\n","protected":false},"author":15,"featured_media":30447,"comment_status":"closed","ping_status":"closed","sticky":false,"template":"","format":"standard","meta":{"footnotes":""},"categories":[269,7,311,271],"tags":[],"class_list":["post-30450","post","type-post","status-publish","format-standard","has-post-thumbnail","hentry","category-blog-en","category-agenda-en","category-highlights","category-workshops-en"],"_links":{"self":[{"href":"https:\/\/www.forumdanca.pt\/en\/wp-json\/wp\/v2\/posts\/30450","targetHints":{"allow":["GET"]}}],"collection":[{"href":"https:\/\/www.forumdanca.pt\/en\/wp-json\/wp\/v2\/posts"}],"about":[{"href":"https:\/\/www.forumdanca.pt\/en\/wp-json\/wp\/v2\/types\/post"}],"author":[{"embeddable":true,"href":"https:\/\/www.forumdanca.pt\/en\/wp-json\/wp\/v2\/users\/15"}],"replies":[{"embeddable":true,"href":"https:\/\/www.forumdanca.pt\/en\/wp-json\/wp\/v2\/comments?post=30450"}],"version-history":[{"count":0,"href":"https:\/\/www.forumdanca.pt\/en\/wp-json\/wp\/v2\/posts\/30450\/revisions"}],"wp:featuredmedia":[{"embeddable":true,"href":"https:\/\/www.forumdanca.pt\/en\/wp-json\/wp\/v2\/media\/30447"}],"wp:attachment":[{"href":"https:\/\/www.forumdanca.pt\/en\/wp-json\/wp\/v2\/media?parent=30450"}],"wp:term":[{"taxonomy":"category","embeddable":true,"href":"https:\/\/www.forumdanca.pt\/en\/wp-json\/wp\/v2\/categories?post=30450"},{"taxonomy":"post_tag","embeddable":true,"href":"https:\/\/www.forumdanca.pt\/en\/wp-json\/wp\/v2\/tags?post=30450"}],"curies":[{"name":"wp","href":"https:\/\/api.w.org\/{rel}","templated":true}]}}