{"id":30333,"date":"2023-09-15T17:31:16","date_gmt":"2023-09-15T16:31:16","guid":{"rendered":"https:\/\/www.forumdanca.pt\/ctr-2\/"},"modified":"2025-03-10T16:46:15","modified_gmt":"2025-03-10T16:46:15","slug":"ctr-2","status":"publish","type":"post","link":"https:\/\/www.forumdanca.pt\/en\/ctr-2\/","title":{"rendered":"Real Time Composition <br>Open Sessions 2023\/2024"},"content":{"rendered":"<div class=\"wpb-content-wrapper\"><p>[vc_row row_type=&#8221;row&#8221; use_row_as_full_screen_section=&#8221;no&#8221; type=&#8221;full_width&#8221; text_align=&#8221;left&#8221; background_animation=&#8221;none&#8221; css_animation=&#8221;&#8221;][vc_column][vc_column_text css=&#8221;&#8221;]<\/p>\n<h4>Mondays, from 6pm to 8pm<\/h4>\n<p>[\/vc_column_text][vc_empty_space][vc_column_text]<\/p>\n<h4>Facilitated by Jo\u00e3o Fiadeiro, M\u00e1rcia Lan\u00e7a,<\/h4>\n<h4>Cl\u00e1udia Dias, Carolina Campos and\/or Daniel Pizamiglio<\/h4>\n<p>[\/vc_column_text][vc_empty_space][\/vc_column][\/vc_row][vc_row row_type=&#8221;row&#8221; use_row_as_full_screen_section=&#8221;no&#8221; type=&#8221;full_width&#8221; text_align=&#8221;left&#8221; background_animation=&#8221;none&#8221; css_animation=&#8221;&#8221;][vc_column][vc_column_text]During the period in which REAL (a structure run by Jo\u00e3o Fiadeiro from 1990-2019) ran Atelier Real, open sessions were organised for the community to practice Real Time Composition, free of charge. These were unpretentious sessions, somewhere between a jam and a master class, which had an important impact on the community of artists at the time and on research into (and around) this tool. They were also very important sessions as a meeting place and for the creation of professional and emotional networks that continue to this day.<\/p>\n<p>&nbsp;<\/p>\n<p>Over the next few months, as part of the programme of activity developed within the framework of Forum Dan\u00e7a&#8217;s Resident Research Artist position, we will replicate these sessions to share our experience, but also to allow ourselves to be contaminated by discourses, perspectives and practices outside our comfort zone. These sessions are open to anyone &#8211; artist or non-artist, with or without experience of improvisation, with a background in practice or theory &#8211; as long as the premises and principles of this practice arouse curiosity.<\/p>\n<p>&nbsp;<\/p>\n<blockquote><p>\u201cThe &#8216;object of study&#8217; of Real Time Composition is the interval that emerges when linear time is interrupted and the sense of continuity is suspended (via accident, incident or &#8216;just because&#8217;). The space that opens up as a result of this interruption is where Real Time Composition research takes place. Within this space, time has that rare quality of being simultaneously &#8216;no more&#8217; and &#8216;not yet&#8217;. Within this space, time is not linear (or even circular), but &#8216;twisted&#8217; (like the topological surface of the &#8216;M\u00f6bius Tape&#8217;), governed by laws that do not respect the conventional notions of before and after, inside and outside or far and near.\u201d<\/p>\n<p>Jo\u00e3o Fiadeiro<\/p><\/blockquote>\n<p>[\/vc_column_text][vc_empty_space height=&#8221;40px&#8221;][vc_column_text]<\/p>\n<h4><strong>Participation is free, just show up! <\/strong><\/h4>\n<p>[\/vc_column_text][vc_empty_space height=&#8221;80px&#8221;][\/vc_column][\/vc_row][vc_row row_type=&#8221;row&#8221; use_row_as_full_screen_section=&#8221;no&#8221; type=&#8221;full_width&#8221; text_align=&#8221;left&#8221; background_animation=&#8221;none&#8221; css_animation=&#8221;&#8221;][vc_column][vc_column_text css=&#8221;&#8221;]<\/p>\n<h3>TECER activities<\/h3>\n<p>[\/vc_column_text][vc_empty_space][vc_basic_grid post_type=&#8221;post&#8221; max_items=&#8221;-1&#8243; style=&#8221;pagination&#8221; items_per_page=&#8221;8&#8243; element_width=&#8221;3&#8243; item=&#8221;22505&#8243; css=&#8221;&#8221; grid_id=&#8221;vc_gid:1741625157048-55bf2744-e307-2&#8243; taxonomies=&#8221;895&#8243;][vc_empty_space height=&#8221;80px&#8221;][\/vc_column][\/vc_row]<\/p>\n<\/div>","protected":false},"excerpt":{"rendered":"<p>Real Time Composition, sessions open to the community, at Forum Dan\u00e7a.<\/p>\n","protected":false},"author":15,"featured_media":31540,"comment_status":"closed","ping_status":"closed","sticky":false,"template":"","format":"standard","meta":{"footnotes":""},"categories":[269,7,896,311,543],"tags":[],"class_list":["post-30333","post","type-post","status-publish","format-standard","has-post-thumbnail","hentry","category-blog-en","category-agenda-en","category-ctr-tecer-en","category-highlights","category-ws-ctr-en"],"_links":{"self":[{"href":"https:\/\/www.forumdanca.pt\/en\/wp-json\/wp\/v2\/posts\/30333","targetHints":{"allow":["GET"]}}],"collection":[{"href":"https:\/\/www.forumdanca.pt\/en\/wp-json\/wp\/v2\/posts"}],"about":[{"href":"https:\/\/www.forumdanca.pt\/en\/wp-json\/wp\/v2\/types\/post"}],"author":[{"embeddable":true,"href":"https:\/\/www.forumdanca.pt\/en\/wp-json\/wp\/v2\/users\/15"}],"replies":[{"embeddable":true,"href":"https:\/\/www.forumdanca.pt\/en\/wp-json\/wp\/v2\/comments?post=30333"}],"version-history":[{"count":0,"href":"https:\/\/www.forumdanca.pt\/en\/wp-json\/wp\/v2\/posts\/30333\/revisions"}],"wp:featuredmedia":[{"embeddable":true,"href":"https:\/\/www.forumdanca.pt\/en\/wp-json\/wp\/v2\/media\/31540"}],"wp:attachment":[{"href":"https:\/\/www.forumdanca.pt\/en\/wp-json\/wp\/v2\/media?parent=30333"}],"wp:term":[{"taxonomy":"category","embeddable":true,"href":"https:\/\/www.forumdanca.pt\/en\/wp-json\/wp\/v2\/categories?post=30333"},{"taxonomy":"post_tag","embeddable":true,"href":"https:\/\/www.forumdanca.pt\/en\/wp-json\/wp\/v2\/tags?post=30333"}],"curies":[{"name":"wp","href":"https:\/\/api.w.org\/{rel}","templated":true}]}}