{"id":30073,"date":"2023-08-23T16:55:36","date_gmt":"2023-08-23T15:55:36","guid":{"rendered":"https:\/\/www.forumdanca.pt\/dcontemp-criancas-2023-24\/"},"modified":"2024-08-29T00:06:22","modified_gmt":"2024-08-28T23:06:22","slug":"dcontemp-criancas-2023-24","status":"publish","type":"post","link":"https:\/\/www.forumdanca.pt\/en\/dcontemp-criancas-2023-24\/","title":{"rendered":"Contemporary Dance <br>for Children"},"content":{"rendered":"<div class=\"wpb-content-wrapper\"><p>[vc_row row_type=&#8221;row&#8221; use_row_as_full_screen_section=&#8221;no&#8221; type=&#8221;full_width&#8221; text_align=&#8221;left&#8221; background_animation=&#8221;none&#8221; css_animation=&#8221;&#8221;][vc_column][vc_column_text]<\/p>\n<h2>with Carla Ribeiro<\/h2>\n<h3>from 7 to 12 year old<\/h3>\n<h4><strong>School year 2023\/2024<\/strong><\/h4>\n<p>[\/vc_column_text][vc_empty_space][vc_column_text]<\/p>\n<h3><strong>Quarta-Feira | 18h30-19h30<\/strong><\/h3>\n<p>[\/vc_column_text][vc_empty_space][\/vc_column][\/vc_row][vc_row row_type=&#8221;row&#8221; use_row_as_full_screen_section=&#8221;no&#8221; type=&#8221;full_width&#8221; text_align=&#8221;left&#8221; background_animation=&#8221;none&#8221; css_animation=&#8221;&#8221;][vc_column][vc_column_text]The aim is to involve the student in an exploration that stimulates their technical and creative potential, giving them the intrinsic pleasure of dancing.<\/p>\n<p>The freedom of contemporary dance, making use of the body, movement, gesture, voice, words, etc., makes it possible to develop interpretation, sensitivity and emotion through movement.<\/p>\n<p>Through various exercises, improvisation, team spirit and stage presence, students discover and become aware of their bodies and their expressiveness.<\/p>\n<p>It&#8217;s a space for collective creation![\/vc_column_text][vc_empty_space height=&#8221;80px&#8221;][\/vc_column][\/vc_row][vc_row row_type=&#8221;row&#8221; use_row_as_full_screen_section=&#8221;no&#8221; type=&#8221;full_width&#8221; text_align=&#8221;left&#8221; background_animation=&#8221;none&#8221; css_animation=&#8221;&#8221;][vc_column][vc_column_text]<\/p>\n<h4><strong>Bio<\/strong><\/h4>\n<p>[\/vc_column_text][vc_empty_space height=&#8221;20px&#8221;][vc_column_text]<strong>Carla Ribeiro<\/strong> graduated from the Escola Superior de Dan\u00e7a in the field of performance and attended the Dance in the Community course at Forum Dan\u00e7a.<\/p>\n<p>As a performer she has worked with Susana Vidal, Olga Roriz Companhia de Dan\u00e7a, Marina Nabais Dan\u00e7a, John Mowat, Paulo Ribeiro, Ricardo Pais, Pigeons International, O \u00datero, A Torneira, Nuno Carinhas, Paula Massano, Fernanda Lapa, Jo\u00e3o Louren\u00e7o and Teatro O Bando.<\/p>\n<p>Alongside her work as a performer, she teaches Creative and Contemporary Dance at Col\u00e9gio Ces\u00e1rio Verde and Body\/Movement at AMA.[\/vc_column_text][vc_empty_space height=&#8221;80px&#8221;][\/vc_column][\/vc_row][vc_row row_type=&#8221;row&#8221; use_row_as_full_screen_section=&#8221;no&#8221; type=&#8221;full_width&#8221; text_align=&#8221;left&#8221; background_animation=&#8221;none&#8221; css_animation=&#8221;&#8221;][vc_column][vc_column_text]<\/p>\n<h3><strong>Pre-registration process<\/strong><\/h3>\n<p>[\/vc_column_text][vc_empty_space height=&#8221;20px&#8221;][vc_column_text]<\/p>\n<ol>\n<li>Pre-register online using the form provided;<\/li>\n<li>Wait for our email with payment instructions;<\/li>\n<li>Pay for your registration as indicated in the email sent to you;<\/li>\n<li>Send us proof of payment to our email address;<\/li>\n<li>Your registration will only be validated once we have received your receipt.<\/li>\n<\/ol>\n<p>[\/vc_column_text][vc_empty_space height=&#8221;40px&#8221;][vc_btn title=&#8221;MORE INFORMATION&#8221; style=&#8221;custom&#8221; custom_background=&#8221;#000000&#8243; custom_text=&#8221;#ffffff&#8221; shape=&#8221;square&#8221; size=&#8221;lg&#8221; link=&#8221;url:https%3A%2F%2Fwww.forumdanca.pt%2Fen%2Faulas-criancas-23-24%2F&#8221;][vc_empty_space height=&#8221;80px&#8221;][\/vc_column][\/vc_row]<\/p>\n<\/div>","protected":false},"excerpt":{"rendered":"<p>Aulas de Dan\u00e7a Contempor\u00e2nea para crian\u00e7as, com Carla Ribeiro.<\/p>\n","protected":false},"author":15,"featured_media":30020,"comment_status":"closed","ping_status":"closed","sticky":false,"template":"","format":"standard","meta":{"footnotes":""},"categories":[7,317,311,333],"tags":[],"class_list":["post-30073","post","type-post","status-publish","format-standard","has-post-thumbnail","hentry","category-agenda-en","category-children-and-youth","category-highlights","category-regular-classes"],"_links":{"self":[{"href":"https:\/\/www.forumdanca.pt\/en\/wp-json\/wp\/v2\/posts\/30073","targetHints":{"allow":["GET"]}}],"collection":[{"href":"https:\/\/www.forumdanca.pt\/en\/wp-json\/wp\/v2\/posts"}],"about":[{"href":"https:\/\/www.forumdanca.pt\/en\/wp-json\/wp\/v2\/types\/post"}],"author":[{"embeddable":true,"href":"https:\/\/www.forumdanca.pt\/en\/wp-json\/wp\/v2\/users\/15"}],"replies":[{"embeddable":true,"href":"https:\/\/www.forumdanca.pt\/en\/wp-json\/wp\/v2\/comments?post=30073"}],"version-history":[{"count":0,"href":"https:\/\/www.forumdanca.pt\/en\/wp-json\/wp\/v2\/posts\/30073\/revisions"}],"wp:featuredmedia":[{"embeddable":true,"href":"https:\/\/www.forumdanca.pt\/en\/wp-json\/wp\/v2\/media\/30020"}],"wp:attachment":[{"href":"https:\/\/www.forumdanca.pt\/en\/wp-json\/wp\/v2\/media?parent=30073"}],"wp:term":[{"taxonomy":"category","embeddable":true,"href":"https:\/\/www.forumdanca.pt\/en\/wp-json\/wp\/v2\/categories?post=30073"},{"taxonomy":"post_tag","embeddable":true,"href":"https:\/\/www.forumdanca.pt\/en\/wp-json\/wp\/v2\/tags?post=30073"}],"curies":[{"name":"wp","href":"https:\/\/api.w.org\/{rel}","templated":true}]}}