{"id":29665,"date":"2023-07-02T02:27:04","date_gmt":"2023-07-02T01:27:04","guid":{"rendered":"https:\/\/www.forumdanca.pt\/lorea-burge\/"},"modified":"2023-07-10T19:39:31","modified_gmt":"2023-07-10T18:39:31","slug":"lorea-burge","status":"publish","type":"post","link":"https:\/\/www.forumdanca.pt\/en\/lorea-burge\/","title":{"rendered":"Lorea Burge"},"content":{"rendered":"<div class=\"wpb-content-wrapper\"><p>[vc_row row_type=&#8221;row&#8221; use_row_as_full_screen_section=&#8221;no&#8221; type=&#8221;full_width&#8221; text_align=&#8221;left&#8221; background_animation=&#8221;none&#8221; css_animation=&#8221;&#8221;][vc_column][vc_column_text]<\/p>\n<h3>B Field<\/h3>\n<p>[\/vc_column_text][vc_column_text]<strong>Duration\u00a0<\/strong>60 min (aprox.) | Age rating: 6+ | Single price 2\u20ac (<a href=\"https:\/\/teatrobairroalto.byblueticket.pt\/Evento?IdEvento=9414\" target=\"_blank\" rel=\"noopener\">Buy Ticket<\/a>)<\/p>\n<p><strong>TBA &#8211; Teatro do Bairro Alto | Stage of the Main Auditorium <\/strong>(reduce seating capacity \u2013 63 seats)<\/p>\n<p>22 and 23 July | sat 21h00 and sun 16h30[\/vc_column_text][vc_empty_space height=&#8221;40px&#8221;][\/vc_column][\/vc_row][vc_row row_type=&#8221;row&#8221; use_row_as_full_screen_section=&#8221;no&#8221; type=&#8221;full_width&#8221; text_align=&#8221;left&#8221; background_animation=&#8221;none&#8221; css_animation=&#8221;&#8221;][vc_column][vc_column_text]If I were a musician, what sort of music would I like to make? With what I have, what sort of music can I make?<br \/>\n<em>B Field<\/em> brings these questions to an enquiry into solo making, led by desire and inspired by the absurd and insistent masc self-sufficiency of \u2018one-man bands\u2019. A live excavation of sounds and beats reveals an attempt to build a song worthy of a night-club dance floor, thus creating my very own\u00a0\u2018one-(wo)man band\u2019.<\/p>\n<p style=\"text-align: right;\">Lorea Burge<\/p>\n<p>[\/vc_column_text][vc_separator type=&#8221;full_width&#8221; border_style=&#8221;&#8221; up=&#8221;40&#8243; down=&#8221;40&#8243; color=&#8221;#000000&#8243;][vc_column_text]<strong>Choreography and Performance<\/strong> Lorea Burge<\/p>\n<p><strong>Sound Design in collaboration with<\/strong> Bobby Brim[\/vc_column_text][vc_separator type=&#8221;full_width&#8221; border_style=&#8221;&#8221; up=&#8221;40&#8243; down=&#8221;40&#8243; color=&#8221;#000000&#8243;][vc_column_text]<strong>Lorea<\/strong> is a dance artist trained at Laban (2011-2014), and is informed by improvised performance, doing as practice, live music and singing, and most recently House. She is one of Unbaptised Infants (est. 2015) with Hannah Parsons (UK) and Josefina Rozenwasser (AR), creating experimental sound-dance shows, and in 2022 were resident artists at MACBA &amp; LCE. As a performer, Lorea has worked with Charles Linehan (UK), Seke Chimutengwende (UK), J N Harrington (UK) and Ehryn Torrell (CA) among others.[\/vc_column_text][vc_separator type=&#8221;full_width&#8221; border_style=&#8221;&#8221; up=&#8221;40&#8243; down=&#8221;40&#8243; color=&#8221;#000000&#8243;][vc_column_text]<\/p>\n<h4><strong>ACKNOWLEDGMENTS<\/strong><\/h4>\n<p>Thank you to the sound wizards Bobby and Pedro for the support and lessons on Ableton, to Sofia, V\u00edtor, Alex, Chichi and Santi for the accompaniment, to all of PACAP 6 for the collective thinking and all-round good vibes, and to the team at Forum Danca for the care and all the logistical support.[\/vc_column_text][vc_empty_space height=&#8221;20px&#8221;][vc_column_text]<b>Image Credits\u00a0<\/b>\u00a9 Lorea Burge (2023)[\/vc_column_text][vc_empty_space height=&#8221;40px&#8221;][vc_separator type=&#8221;full_width&#8221; border_style=&#8221;&#8221; thickness=&#8221;1&#8243; down=&#8221;40&#8243; color=&#8221;#000000&#8243;][\/vc_column][\/vc_row][vc_row row_type=&#8221;row&#8221; use_row_as_full_screen_section=&#8221;no&#8221; type=&#8221;full_width&#8221; text_align=&#8221;left&#8221; background_animation=&#8221;none&#8221; css_animation=&#8221;&#8221;][vc_column][vc_column_text]<\/p>\n<h4><strong>TBA &#8211; Teatro do Bairro Alto | PACAP 6 \/ Forum Dan\u00e7a: 8 Works<\/strong><\/h4>\n<p>[\/vc_column_text][vc_empty_space height=&#8221;40px&#8221;][vc_basic_grid post_type=&#8221;post&#8221; max_items=&#8221;-1&#8243; element_width=&#8221;3&#8243; gap=&#8221;15&#8243; order=&#8221;ASC&#8221; item=&#8221;23141&#8243; initial_loading_animation=&#8221;none&#8221; grid_id=&#8221;vc_gid:1689013928108-99f8efab-a3e2-9&#8243; taxonomies=&#8221;599&#8243;][vc_empty_space height=&#8221;40px&#8221;][vc_separator type=&#8221;full_width&#8221; border_style=&#8221;&#8221; thickness=&#8221;1&#8243; down=&#8221;40&#8243; color=&#8221;#000000&#8243;][\/vc_column][\/vc_row][vc_row row_type=&#8221;row&#8221; use_row_as_full_screen_section=&#8221;no&#8221; type=&#8221;full_width&#8221; text_align=&#8221;left&#8221; background_animation=&#8221;none&#8221; css_animation=&#8221;&#8221;][vc_column][vc_column_text]<\/p>\n<h4><strong>Culturgest | Inside Out: PACAP 6 New Creations<\/strong><\/h4>\n<p>[\/vc_column_text][vc_empty_space height=&#8221;40px&#8221;][vc_basic_grid post_type=&#8221;post&#8221; max_items=&#8221;-1&#8243; element_width=&#8221;3&#8243; gap=&#8221;15&#8243; order=&#8221;ASC&#8221; item=&#8221;23141&#8243; initial_loading_animation=&#8221;none&#8221; grid_id=&#8221;vc_gid:1689013928109-2a71cb48-6eef-1&#8243; taxonomies=&#8221;600&#8243;][vc_empty_space height=&#8221;40px&#8221;][vc_separator type=&#8221;full_width&#8221; border_style=&#8221;&#8221; thickness=&#8221;1&#8243; down=&#8221;40&#8243; color=&#8221;#000000&#8243;][\/vc_column][\/vc_row][vc_row row_type=&#8221;row&#8221; use_row_as_full_screen_section=&#8221;no&#8221; type=&#8221;full_width&#8221; text_align=&#8221;left&#8221; background_animation=&#8221;none&#8221; css_animation=&#8221;&#8221;][vc_column][vc_column_text]<\/p>\n<h2><strong>Coproducers and Support<\/strong><\/h2>\n<p><strong>Coproducers PACAP 6:<\/strong>\u00a0Teatro do Bairro Alto and Culturgest<\/p>\n<p><strong>Support PACAP 6:\u00a0<\/strong>Casa da Dan\u00e7a \u2013 Almada, Funda\u00e7\u00e3o GDA, O Rumo do Fumo, Alkantara, OPART | Est\u00fadios Victor C\u00f3rdon, O Espa\u00e7o do Tempo, Piscina.[\/vc_column_text][vc_empty_space height=&#8221;20px&#8221;][vc_row_inner row_type=&#8221;row&#8221; type=&#8221;full_width&#8221; use_row_as_full_screen_section_slide=&#8221;no&#8221; text_align=&#8221;left&#8221; css_animation=&#8221;&#8221;][vc_column_inner][vc_single_image image=&#8221;28546&#8243; img_size=&#8221;&#8221; qode_css_animation=&#8221;&#8221;][\/vc_column_inner][\/vc_row_inner][vc_empty_space height=&#8221;80px&#8221;][\/vc_column][\/vc_row]<\/p>\n<\/div>","protected":false},"excerpt":{"rendered":"<p>Forum Dan\u00e7a | 8 Works: Lorea Burge &#8211; B FIELD | Final Presentations PACAP 6 \/ TBA-Teatro do Bairro Alto<\/p>\n","protected":false},"author":15,"featured_media":29454,"comment_status":"closed","ping_status":"closed","sticky":false,"template":"","format":"standard","meta":{"footnotes":""},"categories":[601,7],"tags":[],"class_list":["post-29665","post","type-post","status-publish","format-standard","has-post-thumbnail","hentry","category-8-works-pacap-06","category-agenda-en"],"_links":{"self":[{"href":"https:\/\/www.forumdanca.pt\/en\/wp-json\/wp\/v2\/posts\/29665","targetHints":{"allow":["GET"]}}],"collection":[{"href":"https:\/\/www.forumdanca.pt\/en\/wp-json\/wp\/v2\/posts"}],"about":[{"href":"https:\/\/www.forumdanca.pt\/en\/wp-json\/wp\/v2\/types\/post"}],"author":[{"embeddable":true,"href":"https:\/\/www.forumdanca.pt\/en\/wp-json\/wp\/v2\/users\/15"}],"replies":[{"embeddable":true,"href":"https:\/\/www.forumdanca.pt\/en\/wp-json\/wp\/v2\/comments?post=29665"}],"version-history":[{"count":0,"href":"https:\/\/www.forumdanca.pt\/en\/wp-json\/wp\/v2\/posts\/29665\/revisions"}],"wp:featuredmedia":[{"embeddable":true,"href":"https:\/\/www.forumdanca.pt\/en\/wp-json\/wp\/v2\/media\/29454"}],"wp:attachment":[{"href":"https:\/\/www.forumdanca.pt\/en\/wp-json\/wp\/v2\/media?parent=29665"}],"wp:term":[{"taxonomy":"category","embeddable":true,"href":"https:\/\/www.forumdanca.pt\/en\/wp-json\/wp\/v2\/categories?post=29665"},{"taxonomy":"post_tag","embeddable":true,"href":"https:\/\/www.forumdanca.pt\/en\/wp-json\/wp\/v2\/tags?post=29665"}],"curies":[{"name":"wp","href":"https:\/\/api.w.org\/{rel}","templated":true}]}}