{"id":29663,"date":"2023-07-02T02:26:29","date_gmt":"2023-07-02T01:26:29","guid":{"rendered":"https:\/\/www.forumdanca.pt\/camilla-morello-tarlie-lumby-e-victor-lataque\/"},"modified":"2023-07-10T18:42:39","modified_gmt":"2023-07-10T17:42:39","slug":"camilla-morello-tarlie-lumby-e-victor-lataque","status":"publish","type":"post","link":"https:\/\/www.forumdanca.pt\/en\/camilla-morello-tarlie-lumby-e-victor-lataque\/","title":{"rendered":"Camilla Morello, Tarlie Lumby <br>and Victor Lattaque"},"content":{"rendered":"<div class=\"wpb-content-wrapper\"><p>[vc_row row_type=&#8221;row&#8221; use_row_as_full_screen_section=&#8221;no&#8221; type=&#8221;full_width&#8221; text_align=&#8221;left&#8221; background_animation=&#8221;none&#8221; css_animation=&#8221;&#8221;][vc_column][vc_column_text]<\/p>\n<h3>Pthst\u2019 N<\/h3>\n<p>[\/vc_column_text][vc_column_text]<strong>Duration\u00a0<\/strong>60 min (aprox.) | Age rating:\u00a016+ | Single price 2\u20ac (<a href=\"https:\/\/teatrobairroalto.byblueticket.pt\/Evento?IdEvento=9409\" target=\"_blank\" rel=\"noopener\">Buy Ticket<\/a>)<\/p>\n<p><strong>TBA &#8211; Teatro do Bairro Alto | Stage of the Main Auditorium<\/strong> (reduce seating capacity &#8211; 42 seats)<\/p>\n<p>21 and 22 July | fri 21h00 and sat 16h30[\/vc_column_text][vc_empty_space height=&#8221;40px&#8221;][\/vc_column][\/vc_row][vc_row row_type=&#8221;row&#8221; use_row_as_full_screen_section=&#8221;no&#8221; type=&#8221;full_width&#8221; text_align=&#8221;left&#8221; background_animation=&#8221;none&#8221; css_animation=&#8221;&#8221;][vc_column][vc_column_text]This is a synopsis. This synopsis starts where your eyes decide to land. The land is the unsettled place of nowhere. Nowhere is where anything can be everywhere in any time. Time begins where story ends. Ends are not the opposite of anything. Anything might appear in an un-named land. Land inhabited only by the innocent nobody. Nobody are corpses and fools moved by enigma and expansion. Expansion through otherness. Otherness being just. Just enough separateness to prompt us into longing, just enough longing to remind us we are separate.[\/vc_column_text][vc_separator type=&#8221;full_width&#8221; border_style=&#8221;&#8221; up=&#8221;40&#8243; down=&#8221;40&#8243; color=&#8221;#000000&#8243;][vc_column_text]<strong>Created and performed<\/strong> <strong>by<\/strong> Anatoli Collective<\/p>\n<p><strong>External eye<\/strong>\u00a0Catarina Saraiva[\/vc_column_text][vc_separator type=&#8221;full_width&#8221; border_style=&#8221;&#8221; up=&#8221;40&#8243; down=&#8221;40&#8243; color=&#8221;#000000&#8243;][vc_column_text]<strong>Anatoli<\/strong> is a collective based in Lisbon born from and through multiple biographies. Created in forms of togetherness that centres tenderness, unknown qualities and the reconfiguration of kinship.<\/p>\n<p>&nbsp;<\/p>\n<p><strong>Camilla Morello\u2019s<\/strong> artistic research, the result of eclectic interests and training, builds on the interdisciplinarity between theatrical language, dance and performance, having also been related with video, photography and installation. Graduated at the Scuola Nazionale di Cinema in Rome as actress, after a degree in Anthropology (La Sapienza University, Rome) and studies of art, philosophy, and aesthetics (Univesit\u00e9 Paris 8) moves to Lisbon where he specializes in the biennial course of Olga Roriz\u2019s dance- theater and attends workshops with various artists. Worked with Tamara Cubas, Miguel Moreira, Miguel Pereira, Catarina C\u00e2mara, Maur\u00edcia Neves, Micka\u00ebl de Oliveira and Nuno M. Cardoso among others.<\/p>\n<p>&nbsp;<\/p>\n<p><strong>Tarlie Lumby<\/strong> is a British dance artist and choreographer currently based in Berlin. With a BA in Art and Visual Culture and many years training and working in dance they have developed a rich interdisciplinary practices focused on contemporary dance and live art. Preoccupied with the exploration of altered states, spirit and mystery; Their choreographic works aim to create immersive sites of encounter where deep states of connection, fantasy and the transpersonal expose the body as an archive of human dreams.<\/p>\n<p>&nbsp;<\/p>\n<p><strong>Victor Lattaque Bio<\/strong><br \/>\nI no longer want to say by courage<br \/>\nI want to present myself to space, to time, to the object, to others through what I am,<br \/>\nI no longer want to walk by will<br \/>\nBut to celebrate life out of necessity<br \/>\nI no longer want my good understanding of what I see, what I hear<br \/>\nI want a more unfathomable\/penetrating\/essential relationship to the living and to all that is attempted<br \/>\nI want to have regards for reality when she is stands beneath my eyes and when I speak about her<br \/>\nI want to hold in esteem the living, the dead and the unborn[\/vc_column_text][vc_separator type=&#8221;full_width&#8221; border_style=&#8221;&#8221; up=&#8221;40&#8243; down=&#8221;40&#8243; color=&#8221;#000000&#8243;][vc_column_text]<\/p>\n<h4><strong>ACKNOWLEDGMENTS<\/strong><\/h4>\n<p>Endless gratitude to all PACAP 6 artist.\u00a0All choreographers and artist that worked with us during PACAP 6. Sofia Dias and V\u00edtor Roriz. Leticia Skrycky and Santi.\u00a0Forum Dan\u00e7a team &#8211; Dora Carvalho, Carolina Martins, Mafalda Sustelo &amp; Ezequiel Santos. Elio, Ana Correa, Catarina Saraiva, Holly Stoppit, Restaurante Bolos Caseiros.[\/vc_column_text][vc_empty_space height=&#8221;20px&#8221;][vc_column_text]<strong>Image Credits<\/strong>\u00a0\u00a9 Anatoli Collective (2023)[\/vc_column_text][vc_empty_space height=&#8221;40px&#8221;][vc_separator type=&#8221;full_width&#8221; border_style=&#8221;&#8221; thickness=&#8221;1&#8243; down=&#8221;40&#8243; color=&#8221;#000000&#8243;][\/vc_column][\/vc_row][vc_row row_type=&#8221;row&#8221; use_row_as_full_screen_section=&#8221;no&#8221; type=&#8221;full_width&#8221; text_align=&#8221;left&#8221; background_animation=&#8221;none&#8221; css_animation=&#8221;&#8221;][vc_column][vc_column_text]<\/p>\n<h4><strong>TBA &#8211; Teatro do Bairro Alto | PACAP 6 \/ Forum Dan\u00e7a: 8 Works<\/strong><\/h4>\n<p>[\/vc_column_text][vc_empty_space height=&#8221;40px&#8221;][vc_basic_grid post_type=&#8221;post&#8221; max_items=&#8221;-1&#8243; element_width=&#8221;3&#8243; gap=&#8221;15&#8243; order=&#8221;ASC&#8221; item=&#8221;23141&#8243; initial_loading_animation=&#8221;none&#8221; grid_id=&#8221;vc_gid:1689010811173-441bd5cb-c967-8&#8243; taxonomies=&#8221;599&#8243;][vc_empty_space height=&#8221;40px&#8221;][vc_separator type=&#8221;full_width&#8221; border_style=&#8221;&#8221; thickness=&#8221;1&#8243; down=&#8221;40&#8243; color=&#8221;#000000&#8243;][\/vc_column][\/vc_row][vc_row row_type=&#8221;row&#8221; use_row_as_full_screen_section=&#8221;no&#8221; type=&#8221;full_width&#8221; text_align=&#8221;left&#8221; background_animation=&#8221;none&#8221; css_animation=&#8221;&#8221;][vc_column][vc_column_text]<\/p>\n<h4><strong>Culturgest | Inside Out: PACAP 6 New Creations<\/strong><\/h4>\n<p>[\/vc_column_text][vc_empty_space height=&#8221;40px&#8221;][vc_basic_grid post_type=&#8221;post&#8221; max_items=&#8221;-1&#8243; element_width=&#8221;3&#8243; gap=&#8221;15&#8243; order=&#8221;ASC&#8221; item=&#8221;23141&#8243; initial_loading_animation=&#8221;none&#8221; grid_id=&#8221;vc_gid:1689010811173-e9c7b7b3-2da1-1&#8243; taxonomies=&#8221;600&#8243;][vc_empty_space height=&#8221;40px&#8221;][vc_separator type=&#8221;full_width&#8221; border_style=&#8221;&#8221; thickness=&#8221;1&#8243; down=&#8221;40&#8243; color=&#8221;#000000&#8243;][\/vc_column][\/vc_row][vc_row row_type=&#8221;row&#8221; use_row_as_full_screen_section=&#8221;no&#8221; type=&#8221;full_width&#8221; text_align=&#8221;left&#8221; background_animation=&#8221;none&#8221; css_animation=&#8221;&#8221;][vc_column][vc_column_text]<\/p>\n<h2><strong>Coproducers and Support<\/strong><\/h2>\n<p><strong>Coproducers PACAP 6:<\/strong>\u00a0Teatro do Bairro Alto and Culturgest<\/p>\n<p><strong>Support PACAP 6:\u00a0<\/strong>Casa da Dan\u00e7a \u2013 Almada, Funda\u00e7\u00e3o GDA, O Rumo do Fumo, Alkantara, OPART | Est\u00fadios Victor C\u00f3rdon, O Espa\u00e7o do Tempo, Piscina.[\/vc_column_text][vc_empty_space height=&#8221;20px&#8221;][vc_row_inner row_type=&#8221;row&#8221; type=&#8221;full_width&#8221; use_row_as_full_screen_section_slide=&#8221;no&#8221; text_align=&#8221;left&#8221; css_animation=&#8221;&#8221;][vc_column_inner][vc_single_image image=&#8221;28546&#8243; img_size=&#8221;&#8221; qode_css_animation=&#8221;&#8221;][\/vc_column_inner][\/vc_row_inner][vc_empty_space height=&#8221;80px&#8221;][\/vc_column][\/vc_row]<\/p>\n<\/div>","protected":false},"excerpt":{"rendered":"<p>Forum Dan\u00e7a | 8 Works: Camilla Morello, Tarlie Lumby e Victor Lattaque &#8211; PTHST\u2019 N | Final Presentations PACAP 6 \/ TBA-Teatro do Bairro Alto<\/p>\n","protected":false},"author":15,"featured_media":29452,"comment_status":"closed","ping_status":"closed","sticky":false,"template":"","format":"standard","meta":{"footnotes":""},"categories":[601,7],"tags":[],"class_list":["post-29663","post","type-post","status-publish","format-standard","has-post-thumbnail","hentry","category-8-works-pacap-06","category-agenda-en"],"_links":{"self":[{"href":"https:\/\/www.forumdanca.pt\/en\/wp-json\/wp\/v2\/posts\/29663","targetHints":{"allow":["GET"]}}],"collection":[{"href":"https:\/\/www.forumdanca.pt\/en\/wp-json\/wp\/v2\/posts"}],"about":[{"href":"https:\/\/www.forumdanca.pt\/en\/wp-json\/wp\/v2\/types\/post"}],"author":[{"embeddable":true,"href":"https:\/\/www.forumdanca.pt\/en\/wp-json\/wp\/v2\/users\/15"}],"replies":[{"embeddable":true,"href":"https:\/\/www.forumdanca.pt\/en\/wp-json\/wp\/v2\/comments?post=29663"}],"version-history":[{"count":0,"href":"https:\/\/www.forumdanca.pt\/en\/wp-json\/wp\/v2\/posts\/29663\/revisions"}],"wp:featuredmedia":[{"embeddable":true,"href":"https:\/\/www.forumdanca.pt\/en\/wp-json\/wp\/v2\/media\/29452"}],"wp:attachment":[{"href":"https:\/\/www.forumdanca.pt\/en\/wp-json\/wp\/v2\/media?parent=29663"}],"wp:term":[{"taxonomy":"category","embeddable":true,"href":"https:\/\/www.forumdanca.pt\/en\/wp-json\/wp\/v2\/categories?post=29663"},{"taxonomy":"post_tag","embeddable":true,"href":"https:\/\/www.forumdanca.pt\/en\/wp-json\/wp\/v2\/tags?post=29663"}],"curies":[{"name":"wp","href":"https:\/\/api.w.org\/{rel}","templated":true}]}}