{"id":29655,"date":"2023-07-02T02:25:21","date_gmt":"2023-07-02T01:25:21","guid":{"rendered":"https:\/\/www.forumdanca.pt\/rafaela-santos\/"},"modified":"2023-07-10T19:36:27","modified_gmt":"2023-07-10T18:36:27","slug":"rafaela-santos","status":"publish","type":"post","link":"https:\/\/www.forumdanca.pt\/en\/rafaela-santos\/","title":{"rendered":"Rafaela Santos"},"content":{"rendered":"<div class=\"wpb-content-wrapper\"><p>[vc_row row_type=&#8221;row&#8221; use_row_as_full_screen_section=&#8221;no&#8221; type=&#8221;full_width&#8221; text_align=&#8221;left&#8221; background_animation=&#8221;none&#8221; css_animation=&#8221;&#8221;][vc_column][vc_column_text]<\/p>\n<h3>Sorry I Missed Some Parts<\/h3>\n<p>[\/vc_column_text][vc_column_text]<strong>Duration\u00a0<\/strong>25 min (aprox.) | Age rating:\u00a016+ | Single price 2\u20ac (<a href=\"https:\/\/teatrobairroalto.byblueticket.pt\/Evento?IdEvento=9418\" target=\"_blank\" rel=\"noopener\">Buy Ticket<\/a>)<\/p>\n<p><strong>TBA &#8211; Teatro do Bairro Alto | Main Auditorium<\/strong><\/p>\n<p>15 and 16 July | sat 20h00 and sun 16h30[\/vc_column_text][vc_empty_space height=&#8221;40px&#8221;][\/vc_column][\/vc_row][vc_row row_type=&#8221;row&#8221; use_row_as_full_screen_section=&#8221;no&#8221; type=&#8221;full_width&#8221; text_align=&#8221;left&#8221; background_animation=&#8221;none&#8221; css_animation=&#8221;&#8221;][vc_column][vc_column_text]DAY<br \/>\nONE DAY<br \/>\nONE MORE DAY<br \/>\nNOT ONE MORE DAY<br \/>\nTE<br \/>\nWAS<br \/>\nTE<br \/>\nWASTE<br \/>\nWASTE NOT ANOTHER DAY<br \/>\n[\/vc_column_text][vc_separator type=&#8221;full_width&#8221; border_style=&#8221;&#8221; up=&#8221;40&#8243; down=&#8221;40&#8243; color=&#8221;#000000&#8243;][vc_column_text]<strong>Creation and interpretation<\/strong> Rafaela Santos<\/p>\n<p><strong>Support for dramaturgy<\/strong> Alex Cassal<\/p>\n<p><strong>Movement Support<\/strong> Yola Pinto<\/p>\n<p><strong>Special Participation<\/strong> PACAP 6 participants[\/vc_column_text][vc_separator type=&#8221;full_width&#8221; border_style=&#8221;&#8221; up=&#8221;40&#8243; down=&#8221;40&#8243; color=&#8221;#000000&#8243;][vc_column_text]<strong>Rafaela Santos<\/strong> was born in Lisbon, in 1972. She is an Actress, Director and Theater Trainer and thinks she has a certain talent for dance. She co-founded Amarelo Silvestre in Canas de Senhorim where she is co-artistic director, together with Fernando Giestas. She has a son and a daughter. Is happy. Often.<br \/>\nShe took a Bi-Stage Degree in Theater and Education_ 2007 and a bachelor\u2019s degree in Actors\u2019 Training _1995, at ESTC in Lisbon, after the Actors\u2019 Training Course, IFICT_ 1991. She debuted professionally in 1994 with Jorge Silva Melo, later working with Rog\u00e9rio de Carvalho, John Mowat, Ana Nave, Sandra Faleiro, Bruno Bravo, Maria Gil, Victor Hugo Pontes, L\u00edgia Soares, among others. Receives the award for Best Actress \u2013 Teatro na D\u00e9cada_1996.[\/vc_column_text][vc_separator type=&#8221;full_width&#8221; border_style=&#8221;&#8221; up=&#8221;40&#8243; down=&#8221;40&#8243; color=&#8221;#000000&#8243;][vc_column_text]<\/p>\n<h4><strong>ACKNOWLEDGMENTS<\/strong><\/h4>\n<p>Amarelo Silvestre and Fernando Giestas.[\/vc_column_text][vc_empty_space height=&#8221;20px&#8221;][vc_column_text]<strong>Image Credits<\/strong>\u00a0\u00a9 Am\u00e9lia Giestas (2023)[\/vc_column_text][vc_empty_space height=&#8221;40px&#8221;][vc_separator type=&#8221;full_width&#8221; border_style=&#8221;&#8221; thickness=&#8221;1&#8243; down=&#8221;40&#8243; color=&#8221;#000000&#8243;][\/vc_column][\/vc_row][vc_row row_type=&#8221;row&#8221; use_row_as_full_screen_section=&#8221;no&#8221; type=&#8221;full_width&#8221; text_align=&#8221;left&#8221; background_animation=&#8221;none&#8221; css_animation=&#8221;&#8221;][vc_column][vc_column_text]<\/p>\n<h4><strong>TBA &#8211; Teatro do Bairro Alto | PACAP 6 \/ Forum Dan\u00e7a: 8 Works<\/strong><\/h4>\n<p>[\/vc_column_text][vc_empty_space height=&#8221;40px&#8221;][vc_basic_grid post_type=&#8221;post&#8221; max_items=&#8221;-1&#8243; element_width=&#8221;3&#8243; gap=&#8221;15&#8243; order=&#8221;ASC&#8221; item=&#8221;23141&#8243; initial_loading_animation=&#8221;none&#8221; grid_id=&#8221;vc_gid:1689013847936-a3045af1-1859-3&#8243; taxonomies=&#8221;599&#8243;][vc_empty_space height=&#8221;40px&#8221;][vc_separator type=&#8221;full_width&#8221; border_style=&#8221;&#8221; thickness=&#8221;1&#8243; down=&#8221;40&#8243; color=&#8221;#000000&#8243;][\/vc_column][\/vc_row][vc_row row_type=&#8221;row&#8221; use_row_as_full_screen_section=&#8221;no&#8221; type=&#8221;full_width&#8221; text_align=&#8221;left&#8221; background_animation=&#8221;none&#8221; css_animation=&#8221;&#8221;][vc_column][vc_column_text]<\/p>\n<h4><strong>Culturgest | Inside Out: PACAP 6 New Creations<\/strong><\/h4>\n<p>[\/vc_column_text][vc_empty_space height=&#8221;40px&#8221;][vc_basic_grid post_type=&#8221;post&#8221; max_items=&#8221;-1&#8243; element_width=&#8221;3&#8243; gap=&#8221;15&#8243; order=&#8221;ASC&#8221; item=&#8221;23141&#8243; initial_loading_animation=&#8221;none&#8221; grid_id=&#8221;vc_gid:1689013847936-1bf21ece-dadf-3&#8243; taxonomies=&#8221;600&#8243;][vc_empty_space height=&#8221;40px&#8221;][vc_separator type=&#8221;full_width&#8221; border_style=&#8221;&#8221; thickness=&#8221;1&#8243; down=&#8221;40&#8243; color=&#8221;#000000&#8243;][\/vc_column][\/vc_row][vc_row row_type=&#8221;row&#8221; use_row_as_full_screen_section=&#8221;no&#8221; type=&#8221;full_width&#8221; text_align=&#8221;left&#8221; background_animation=&#8221;none&#8221; css_animation=&#8221;&#8221;][vc_column][vc_column_text]<\/p>\n<h2><strong>Coproducers and Support<\/strong><\/h2>\n<p><strong>Coproducers PACAP 6:<\/strong>\u00a0Teatro do Bairro Alto and Culturgest<\/p>\n<p><strong>Support PACAP 6:\u00a0<\/strong>Casa da Dan\u00e7a \u2013 Almada, Funda\u00e7\u00e3o GDA, O Rumo do Fumo, Alkantara, OPART | Est\u00fadios Victor C\u00f3rdon, O Espa\u00e7o do Tempo, Piscina.[\/vc_column_text][vc_empty_space height=&#8221;20px&#8221;][vc_row_inner row_type=&#8221;row&#8221; type=&#8221;full_width&#8221; use_row_as_full_screen_section_slide=&#8221;no&#8221; text_align=&#8221;left&#8221; css_animation=&#8221;&#8221;][vc_column_inner][vc_single_image image=&#8221;28546&#8243; img_size=&#8221;&#8221; qode_css_animation=&#8221;&#8221;][\/vc_column_inner][\/vc_row_inner][vc_empty_space height=&#8221;80px&#8221;][\/vc_column][\/vc_row]<\/p>\n<\/div>","protected":false},"excerpt":{"rendered":"<p>Forum Dan\u00e7a | 8 Works: Rafaela Santos &#8211; SORRY I MISSED SOME PARTS | Final Presentations PACAP 6 \/ TBA-Teatro do Bairro Alto<\/p>\n","protected":false},"author":15,"featured_media":29462,"comment_status":"closed","ping_status":"closed","sticky":false,"template":"","format":"standard","meta":{"footnotes":""},"categories":[601,7],"tags":[],"class_list":["post-29655","post","type-post","status-publish","format-standard","has-post-thumbnail","hentry","category-8-works-pacap-06","category-agenda-en"],"_links":{"self":[{"href":"https:\/\/www.forumdanca.pt\/en\/wp-json\/wp\/v2\/posts\/29655","targetHints":{"allow":["GET"]}}],"collection":[{"href":"https:\/\/www.forumdanca.pt\/en\/wp-json\/wp\/v2\/posts"}],"about":[{"href":"https:\/\/www.forumdanca.pt\/en\/wp-json\/wp\/v2\/types\/post"}],"author":[{"embeddable":true,"href":"https:\/\/www.forumdanca.pt\/en\/wp-json\/wp\/v2\/users\/15"}],"replies":[{"embeddable":true,"href":"https:\/\/www.forumdanca.pt\/en\/wp-json\/wp\/v2\/comments?post=29655"}],"version-history":[{"count":0,"href":"https:\/\/www.forumdanca.pt\/en\/wp-json\/wp\/v2\/posts\/29655\/revisions"}],"wp:featuredmedia":[{"embeddable":true,"href":"https:\/\/www.forumdanca.pt\/en\/wp-json\/wp\/v2\/media\/29462"}],"wp:attachment":[{"href":"https:\/\/www.forumdanca.pt\/en\/wp-json\/wp\/v2\/media?parent=29655"}],"wp:term":[{"taxonomy":"category","embeddable":true,"href":"https:\/\/www.forumdanca.pt\/en\/wp-json\/wp\/v2\/categories?post=29655"},{"taxonomy":"post_tag","embeddable":true,"href":"https:\/\/www.forumdanca.pt\/en\/wp-json\/wp\/v2\/tags?post=29655"}],"curies":[{"name":"wp","href":"https:\/\/api.w.org\/{rel}","templated":true}]}}