{"id":29653,"date":"2023-07-02T02:24:36","date_gmt":"2023-07-02T01:24:36","guid":{"rendered":"https:\/\/www.forumdanca.pt\/mariana-catalina-iris\/"},"modified":"2023-07-10T19:35:17","modified_gmt":"2023-07-10T18:35:17","slug":"mariana-catalina-iris","status":"publish","type":"post","link":"https:\/\/www.forumdanca.pt\/en\/mariana-catalina-iris\/","title":{"rendered":"Mariana Catalina Iris"},"content":{"rendered":"<div class=\"wpb-content-wrapper\"><p>[vc_row row_type=&#8221;row&#8221; use_row_as_full_screen_section=&#8221;no&#8221; type=&#8221;full_width&#8221; text_align=&#8221;left&#8221; background_animation=&#8221;none&#8221; css_animation=&#8221;&#8221;][vc_column][vc_column_text]<\/p>\n<h3>Entre uma Brisa e uma Sudestada<\/h3>\n<p>[\/vc_column_text][vc_column_text]<strong>Duration\u00a0<\/strong>60 min (aprox.) | Age rating:\u00a016+ | Single price 2\u20ac (<a href=\"https:\/\/teatrobairroalto.byblueticket.pt\/Evento?IdEvento=9410\" target=\"_blank\" rel=\"noopener\">Buy Ticket<\/a>)<\/p>\n<p><strong>TBA &#8211; Teatro do Bairro Alto | Stage of the Main Auditorium <\/strong>(reduce seating capacity \u2013 76 seats)<\/p>\n<p>14 and 15 July | fri 21h00 e sat 16h30[\/vc_column_text][vc_empty_space height=&#8221;40px&#8221;][\/vc_column][\/vc_row][vc_row row_type=&#8221;row&#8221; use_row_as_full_screen_section=&#8221;no&#8221; type=&#8221;full_width&#8221; text_align=&#8221;left&#8221; background_animation=&#8221;none&#8221; css_animation=&#8221;&#8221;][vc_column][vc_column_text]A moment that repeats itself over and over again, a reunion with what once was and asks for passage to still be. A subtle and resistant territory that exists in permanent recomposition. A community that remains in the intent and practices enchantment as an act of tenderness, invention and reconnection. What do we do with the remains? Bring wind from the south.[\/vc_column_text][vc_separator type=&#8221;full_width&#8221; border_style=&#8221;&#8221; up=&#8221;40&#8243; down=&#8221;40&#8243; color=&#8221;#000000&#8243;][vc_column_text]<strong>Director<\/strong> Mariana Catalina Iris<\/p>\n<p><strong>Artistic accompaniment and collaboration<\/strong> Lucas Damiani<\/p>\n<p><strong>Creation and performance<\/strong> Carolina Canteli, Tamara Catharino, Lucas Damiani, Bibi D\u00f3ria, Andrei Bessa and Mariana Catalina Iris<\/p>\n<p><strong>Sound Composition<\/strong> Bobby Brim<\/p>\n<p><strong>Costume Designer<\/strong> Natalia Casta\u00f1ola<\/p>\n<p><strong>Light design<\/strong> Mariana Catalina Iris and Leticia Skrycky[\/vc_column_text][vc_separator type=&#8221;full_width&#8221; border_style=&#8221;&#8221; up=&#8221;40&#8243; down=&#8221;40&#8243; color=&#8221;#000000&#8243;][vc_column_text]<strong>Mariana Catalina Iris<\/strong> (UY, 1991) graduated in Contemporary Dance from the Escuela Nacional de Danza SODRE (UY) and in Plastic and Visual Arts from UdelaR (UY). She is a transdisciplinary researcher and creator of performing arts &#8211; installations. Manager and producer at the Center for Contemporary Practices CROMA (Montevideo, UY).[\/vc_column_text][vc_separator type=&#8221;full_width&#8221; border_style=&#8221;&#8221; up=&#8221;40&#8243; down=&#8221;40&#8243; color=&#8221;#000000&#8243;][vc_column_text]<\/p>\n<h4><strong>ACKNOWLEDGMENTS<\/strong><\/h4>\n<p>Alex Cassal, Jo\u00e3o Fiadeiro, Leticia Sckryky, Bruno Brandolino, Roberto Dag\u00f4, Barbara Cordeiro, Renato Rocha, Daniel Pizamiglio, Ramon Lima, Sof\u00eda D\u00edaz, Vitor Roriz, and the PACAP 6 group. To the Forum Dan\u00e7a team, Dora Carvalho, Carolina Martins e Mafalda Sustelo. Lucas Damiani, Carol Canteli, Bibi D\u00f3ria, Tamara Catharino, Bobby Brim, Andrei Bessa y Natalia Casta\u00f1ola thank you for the party.[\/vc_column_text][vc_empty_space height=&#8221;20px&#8221;][vc_column_text]<strong>Image Credits<\/strong>\u00a0\u00a9 Lucas Damiani (2023)[\/vc_column_text][vc_empty_space height=&#8221;40px&#8221;][vc_separator type=&#8221;full_width&#8221; border_style=&#8221;&#8221; thickness=&#8221;1&#8243; down=&#8221;40&#8243; color=&#8221;#000000&#8243;][\/vc_column][\/vc_row][vc_row row_type=&#8221;row&#8221; use_row_as_full_screen_section=&#8221;no&#8221; type=&#8221;full_width&#8221; text_align=&#8221;left&#8221; background_animation=&#8221;none&#8221; css_animation=&#8221;&#8221;][vc_column][vc_column_text]<\/p>\n<h4><strong>TBA &#8211; Teatro do Bairro Alto | PACAP 6 \/ Forum Dan\u00e7a: 8 Works<\/strong><\/h4>\n<p>[\/vc_column_text][vc_empty_space height=&#8221;40px&#8221;][vc_basic_grid post_type=&#8221;post&#8221; max_items=&#8221;-1&#8243; element_width=&#8221;3&#8243; gap=&#8221;15&#8243; order=&#8221;ASC&#8221; item=&#8221;23141&#8243; initial_loading_animation=&#8221;none&#8221; grid_id=&#8221;vc_gid:1689013799896-b2d15481-ff08-4&#8243; taxonomies=&#8221;599&#8243;][vc_empty_space height=&#8221;40px&#8221;][vc_separator type=&#8221;full_width&#8221; border_style=&#8221;&#8221; thickness=&#8221;1&#8243; down=&#8221;40&#8243; color=&#8221;#000000&#8243;][\/vc_column][\/vc_row][vc_row row_type=&#8221;row&#8221; use_row_as_full_screen_section=&#8221;no&#8221; type=&#8221;full_width&#8221; text_align=&#8221;left&#8221; background_animation=&#8221;none&#8221; css_animation=&#8221;&#8221;][vc_column][vc_column_text]<\/p>\n<h4><strong>Culturgest | Inside Out: PACAP 6 New Creations<\/strong><\/h4>\n<p>[\/vc_column_text][vc_empty_space height=&#8221;40px&#8221;][vc_basic_grid post_type=&#8221;post&#8221; max_items=&#8221;-1&#8243; element_width=&#8221;3&#8243; gap=&#8221;15&#8243; order=&#8221;ASC&#8221; item=&#8221;23141&#8243; initial_loading_animation=&#8221;none&#8221; grid_id=&#8221;vc_gid:1689013799897-d32950e8-97c5-7&#8243; taxonomies=&#8221;600&#8243;][vc_empty_space height=&#8221;40px&#8221;][vc_separator type=&#8221;full_width&#8221; border_style=&#8221;&#8221; thickness=&#8221;1&#8243; down=&#8221;40&#8243; color=&#8221;#000000&#8243;][\/vc_column][\/vc_row][vc_row row_type=&#8221;row&#8221; use_row_as_full_screen_section=&#8221;no&#8221; type=&#8221;full_width&#8221; text_align=&#8221;left&#8221; background_animation=&#8221;none&#8221; css_animation=&#8221;&#8221;][vc_column][vc_column_text]<\/p>\n<h2><strong>Coproducers and Support<\/strong><\/h2>\n<p><strong>Coproducers PACAP 6:<\/strong>\u00a0Teatro do Bairro Alto and Culturgest<\/p>\n<p><strong>Support PACAP 6:\u00a0<\/strong>Casa da Dan\u00e7a \u2013 Almada, Funda\u00e7\u00e3o GDA, O Rumo do Fumo, Alkantara, OPART | Est\u00fadios Victor C\u00f3rdon, O Espa\u00e7o do Tempo, Piscina.[\/vc_column_text][vc_empty_space height=&#8221;20px&#8221;][vc_row_inner row_type=&#8221;row&#8221; type=&#8221;full_width&#8221; use_row_as_full_screen_section_slide=&#8221;no&#8221; text_align=&#8221;left&#8221; css_animation=&#8221;&#8221;][vc_column_inner][vc_single_image image=&#8221;28546&#8243; img_size=&#8221;&#8221; qode_css_animation=&#8221;&#8221;][\/vc_column_inner][\/vc_row_inner][vc_empty_space height=&#8221;80px&#8221;][\/vc_column][\/vc_row]<\/p>\n<\/div>","protected":false},"excerpt":{"rendered":"<p>Forum Dan\u00e7a | 8 Works: Mariana Catalina Iris &#8211; ENTRE UMA BRISA E UMA SUDESTADA | Final Presentations PACAP 6 \/ TBA-Teatro do Bairro Alto<\/p>\n","protected":false},"author":15,"featured_media":29466,"comment_status":"closed","ping_status":"closed","sticky":false,"template":"","format":"standard","meta":{"footnotes":""},"categories":[601,7],"tags":[],"class_list":["post-29653","post","type-post","status-publish","format-standard","has-post-thumbnail","hentry","category-8-works-pacap-06","category-agenda-en"],"_links":{"self":[{"href":"https:\/\/www.forumdanca.pt\/en\/wp-json\/wp\/v2\/posts\/29653","targetHints":{"allow":["GET"]}}],"collection":[{"href":"https:\/\/www.forumdanca.pt\/en\/wp-json\/wp\/v2\/posts"}],"about":[{"href":"https:\/\/www.forumdanca.pt\/en\/wp-json\/wp\/v2\/types\/post"}],"author":[{"embeddable":true,"href":"https:\/\/www.forumdanca.pt\/en\/wp-json\/wp\/v2\/users\/15"}],"replies":[{"embeddable":true,"href":"https:\/\/www.forumdanca.pt\/en\/wp-json\/wp\/v2\/comments?post=29653"}],"version-history":[{"count":0,"href":"https:\/\/www.forumdanca.pt\/en\/wp-json\/wp\/v2\/posts\/29653\/revisions"}],"wp:featuredmedia":[{"embeddable":true,"href":"https:\/\/www.forumdanca.pt\/en\/wp-json\/wp\/v2\/media\/29466"}],"wp:attachment":[{"href":"https:\/\/www.forumdanca.pt\/en\/wp-json\/wp\/v2\/media?parent=29653"}],"wp:term":[{"taxonomy":"category","embeddable":true,"href":"https:\/\/www.forumdanca.pt\/en\/wp-json\/wp\/v2\/categories?post=29653"},{"taxonomy":"post_tag","embeddable":true,"href":"https:\/\/www.forumdanca.pt\/en\/wp-json\/wp\/v2\/tags?post=29653"}],"curies":[{"name":"wp","href":"https:\/\/api.w.org\/{rel}","templated":true}]}}