{"id":29647,"date":"2023-07-02T01:09:14","date_gmt":"2023-07-02T00:09:14","guid":{"rendered":"https:\/\/www.forumdanca.pt\/estrellx-supernova\/"},"modified":"2023-07-06T11:28:43","modified_gmt":"2023-07-06T10:28:43","slug":"estrellx-supernova","status":"publish","type":"post","link":"https:\/\/www.forumdanca.pt\/en\/estrellx-supernova\/","title":{"rendered":"Estrellx Supernova"},"content":{"rendered":"<div class=\"wpb-content-wrapper\"><p>[vc_row row_type=&#8221;row&#8221; use_row_as_full_screen_section=&#8221;no&#8221; type=&#8221;full_width&#8221; text_align=&#8221;left&#8221; background_animation=&#8221;none&#8221; css_animation=&#8221;&#8221;][vc_column][vc_column_text]<\/p>\n<h3>Animate, Intimate (AI): Cycle 1 &#8211; Points of Encounter\/Puente de Encuentros<br \/>\nor [[Before Wonderland Fell, We Fell in Touch]]<\/h3>\n<p>[\/vc_column_text][vc_column_text]<strong>Duration\u00a0<\/strong>7h48 min (aprox.) | M\/16<\/p>\n<p><strong>Culturgest | Culturgest \/ Garden of the Galveias Palace Library<\/strong><\/p>\n<p>9 July, from 12h12 to 20h00 (durational performance)<\/p>\n<p>Attention: Capacity limited to 40 people simultaneously.[\/vc_column_text][vc_empty_space height=&#8221;40px&#8221;][\/vc_column][\/vc_row][vc_row row_type=&#8221;row&#8221; use_row_as_full_screen_section=&#8221;no&#8221; type=&#8221;full_width&#8221; text_align=&#8221;left&#8221; background_animation=&#8221;none&#8221; css_animation=&#8221;&#8221;][vc_column][vc_column_text]it is also an inheritance.<br \/>\nthe sweetest of desserts.<br \/>\nracism\/pleasure.<br \/>\nit hurts.<br \/>\nI. AM. SO. PROUD. OF.<br \/>\nan attempt to open your heart.<br \/>\nall you have to do is remember.<br \/>\ntake up all of the space.<br \/>\ni repeat: WHAT HAPPENED TO YOU WAS NOT YOUR FAULT! (x3)<br \/>\nthey watch over me too because I am also you. i love you.<br \/>\nreincarnated: at this time, for this time.<br \/>\na light filled spring with roses sprinkled all around,<br \/>\nheld by angels whispering holy water frequencies into your ear.<br \/>\ncurved up or curved down?<br \/>\ncurved up: it will massage the prostate better that way.<br \/>\nhandle w\/ aftercare.<br \/>\nbefore before before.<br \/>\nafter after after.<br \/>\na letter of acknowledgment.<br \/>\nmy landma$$.<br \/>\nrunning into bedazzled Glory Holes.<br \/>\ni consume them all w\/ no regrets.<br \/>\nwhat do you call something that changes you forever?<br \/>\nthere\/here.<br \/>\nare you from here?<br \/>\nno, i am from over there.<br \/>\ndo you cum here often?<br \/>\nno, i mostly enjoy cumming on my own body.<br \/>\nspit or swallow?<br \/>\nit depends.<br \/>\nmore time.<br \/>\nmore context.<br \/>\nready.<br \/>\nfinally: at the after party of the aftermath.<br \/>\nno come down.[\/vc_column_text][vc_separator type=&#8221;full_width&#8221; border_style=&#8221;&#8221; up=&#8221;40&#8243; down=&#8221;40&#8243; color=&#8221;#000000&#8243;][vc_column_text]<strong>Lead Choreographer\/Creative Director<\/strong> Estrellx Supernova<\/p>\n<p><strong>Performance Activators\/Cosmic Angels<\/strong> Ana Victoria Andres, Maria Ibarretxe, Mariana Catalina Iris, Silvana Ivaldi, Vanessa Lonau, Connor Scott, Estrellx Supernova, Camilla Morello, Bobby Brim, Tarlie Lumby, Lorea Burge, Marta Ramos, producers &#8211; Forum Dan\u00e7a team members and front of house from Culturgest<\/p>\n<p><strong>Sonic designer<\/strong> Lorea Burge<\/p>\n<p><strong>Dramaturgs\/Thought Partners<\/strong> Sofia Dias and V\u00edtor Roriz, Santiago Rodriguez Tricot, Sheena McGrandles, Alex Cassal, David Marques and Christine de Smedt[\/vc_column_text][vc_separator type=&#8221;full_width&#8221; border_style=&#8221;&#8221; up=&#8221;40&#8243; down=&#8221;40&#8243; color=&#8221;#000000&#8243;][vc_column_text]<strong>Estrellx<\/strong> (they\/them\/elle) is a queer, Afro-Central-American-American choreographer, performer, curator, writer and somatic entrepreneurial brujx. Choreographically, Estrellx integrates club spaces as sites of generative dissonance and asks, \u201cAre we celebrating or mourning or both?\u201d They implement Qi Energetic principles, divination, improvisation, and club dancing into their ritualistic performative language and conceive of choreography as an intimate practice of embodied excavation.[\/vc_column_text][vc_separator type=&#8221;full_width&#8221; border_style=&#8221;&#8221; up=&#8221;40&#8243; down=&#8221;40&#8243; color=&#8221;#000000&#8243;][vc_column_text]<\/p>\n<h4><strong>ACKNOWLEDGMENTS<\/strong><\/h4>\n<p>I would love to say a tremendous thank you to the entire team at Forum Dan\u00e7a and Culturgest for supporting me with bringing this vision to life and to all of the phenomenal guest artists who were curated into PACAP 6. Sofia &amp; Vitor you two are a match made in heaven and so grateful to finally engage with you and your presences. It took a few years, but I finally made it.<\/p>\n<p>I would love to say a second tremendous thank you to all of my collaborators for showing up to co-creating and activating this work and for trusting me.<\/p>\n<p>I would love to say a final tremendous thank you to my energetic-spiritual constellation of care, ancestors, and loved ones supporting me from near and far.[\/vc_column_text][vc_empty_space height=&#8221;20px&#8221;][vc_column_text]<strong>Image Credits<\/strong>\u00a0\u00a9 Elyse Mertz (2022). Fall Movement.[\/vc_column_text][vc_empty_space height=&#8221;40px&#8221;][vc_separator type=&#8221;full_width&#8221; border_style=&#8221;&#8221; thickness=&#8221;1&#8243; down=&#8221;40&#8243; color=&#8221;#000000&#8243;][\/vc_column][\/vc_row][vc_row row_type=&#8221;row&#8221; use_row_as_full_screen_section=&#8221;no&#8221; type=&#8221;full_width&#8221; text_align=&#8221;left&#8221; background_animation=&#8221;none&#8221; css_animation=&#8221;&#8221;][vc_column][vc_column_text]<\/p>\n<h4><strong>Culturgest | Inside Out: Novas Cria\u00e7\u00f5es PACAP 6<\/strong><\/h4>\n<p>[\/vc_column_text][vc_empty_space height=&#8221;40px&#8221;][vc_basic_grid post_type=&#8221;post&#8221; max_items=&#8221;-1&#8243; element_width=&#8221;3&#8243; gap=&#8221;15&#8243; order=&#8221;ASC&#8221; item=&#8221;23141&#8243; initial_loading_animation=&#8221;none&#8221; grid_id=&#8221;vc_gid:1688639189596-83adec25-71a3-3&#8243; taxonomies=&#8221;600&#8243;][vc_empty_space height=&#8221;40px&#8221;][vc_separator type=&#8221;full_width&#8221; border_style=&#8221;&#8221; thickness=&#8221;1&#8243; down=&#8221;40&#8243; color=&#8221;#000000&#8243;][\/vc_column][\/vc_row][vc_row row_type=&#8221;row&#8221; use_row_as_full_screen_section=&#8221;no&#8221; type=&#8221;full_width&#8221; text_align=&#8221;left&#8221; background_animation=&#8221;none&#8221; css_animation=&#8221;&#8221;][vc_column][vc_column_text]<\/p>\n<h4><strong>TBA &#8211; Teatro do Bairro Alto | PACAP 6 \/ Forum Dan\u00e7a: 8 Trabalhos<\/strong><\/h4>\n<p>[\/vc_column_text][vc_empty_space height=&#8221;40px&#8221;][vc_basic_grid post_type=&#8221;post&#8221; max_items=&#8221;-1&#8243; element_width=&#8221;3&#8243; gap=&#8221;15&#8243; order=&#8221;ASC&#8221; item=&#8221;23141&#8243; initial_loading_animation=&#8221;none&#8221; grid_id=&#8221;vc_gid:1688639189597-42402fcc-1571-0&#8243; taxonomies=&#8221;599&#8243;][vc_empty_space height=&#8221;40px&#8221;][vc_separator type=&#8221;full_width&#8221; border_style=&#8221;&#8221; thickness=&#8221;1&#8243; down=&#8221;40&#8243; color=&#8221;#000000&#8243;][\/vc_column][\/vc_row][vc_row row_type=&#8221;row&#8221; use_row_as_full_screen_section=&#8221;no&#8221; type=&#8221;full_width&#8221; text_align=&#8221;left&#8221; background_animation=&#8221;none&#8221; css_animation=&#8221;&#8221;][vc_column][vc_column_text]<\/p>\n<h2><strong>Apoios e Parcerias<\/strong><\/h2>\n<p><strong>Coprodu\u00e7\u00e3o PACAP 6:<\/strong>\u00a0Teatro do Bairro Alto e Culturgest.<\/p>\n<p><strong>Apoios PACAP 6: <\/strong>Casa da\u00a0Dan\u00e7a &#8211; Almada, Funda\u00e7\u00e3o GDA,\u00a0O Rumo do Fumo, Alkantara, OPART | Est\u00fadios Victor C\u00f3rdon, O Espa\u00e7o do Tempo, Piscina.[\/vc_column_text][vc_empty_space height=&#8221;20px&#8221;][vc_row_inner row_type=&#8221;row&#8221; type=&#8221;full_width&#8221; use_row_as_full_screen_section_slide=&#8221;no&#8221; text_align=&#8221;left&#8221; css_animation=&#8221;&#8221;][vc_column_inner][vc_single_image image=&#8221;28546&#8243; img_size=&#8221;&#8221; qode_css_animation=&#8221;&#8221;][\/vc_column_inner][\/vc_row_inner][vc_empty_space height=&#8221;80px&#8221;][\/vc_column][\/vc_row]<\/p>\n<\/div>","protected":false},"excerpt":{"rendered":"<p>Forum Dan\u00e7a | Inside Out: Estrellx Supernova &#8211; Animate, Intimate (AI): Cycle 1 &#8211; Points of  Encounter\/Puente de Encuentros or [[Before  Wonderland Fell, We Fell in Touch]] | Apresenta\u00e7\u00f5es finais PACAP 6 \/ Culturgest<\/p>\n","protected":false},"author":15,"featured_media":29444,"comment_status":"closed","ping_status":"closed","sticky":false,"template":"","format":"standard","meta":{"footnotes":""},"categories":[7,602],"tags":[],"class_list":["post-29647","post","type-post","status-publish","format-standard","has-post-thumbnail","hentry","category-agenda-en","category-inside-out-pacap-06-en"],"_links":{"self":[{"href":"https:\/\/www.forumdanca.pt\/en\/wp-json\/wp\/v2\/posts\/29647","targetHints":{"allow":["GET"]}}],"collection":[{"href":"https:\/\/www.forumdanca.pt\/en\/wp-json\/wp\/v2\/posts"}],"about":[{"href":"https:\/\/www.forumdanca.pt\/en\/wp-json\/wp\/v2\/types\/post"}],"author":[{"embeddable":true,"href":"https:\/\/www.forumdanca.pt\/en\/wp-json\/wp\/v2\/users\/15"}],"replies":[{"embeddable":true,"href":"https:\/\/www.forumdanca.pt\/en\/wp-json\/wp\/v2\/comments?post=29647"}],"version-history":[{"count":0,"href":"https:\/\/www.forumdanca.pt\/en\/wp-json\/wp\/v2\/posts\/29647\/revisions"}],"wp:featuredmedia":[{"embeddable":true,"href":"https:\/\/www.forumdanca.pt\/en\/wp-json\/wp\/v2\/media\/29444"}],"wp:attachment":[{"href":"https:\/\/www.forumdanca.pt\/en\/wp-json\/wp\/v2\/media?parent=29647"}],"wp:term":[{"taxonomy":"category","embeddable":true,"href":"https:\/\/www.forumdanca.pt\/en\/wp-json\/wp\/v2\/categories?post=29647"},{"taxonomy":"post_tag","embeddable":true,"href":"https:\/\/www.forumdanca.pt\/en\/wp-json\/wp\/v2\/tags?post=29647"}],"curies":[{"name":"wp","href":"https:\/\/api.w.org\/{rel}","templated":true}]}}