{"id":29645,"date":"2023-07-02T01:08:46","date_gmt":"2023-07-02T00:08:46","guid":{"rendered":"https:\/\/www.forumdanca.pt\/connor-scott\/"},"modified":"2023-07-03T18:35:46","modified_gmt":"2023-07-03T17:35:46","slug":"connor-scott","status":"publish","type":"post","link":"https:\/\/www.forumdanca.pt\/en\/connor-scott\/","title":{"rendered":"Connor Scott"},"content":{"rendered":"<div class=\"wpb-content-wrapper\"><p>[vc_row row_type=&#8221;row&#8221; use_row_as_full_screen_section=&#8221;no&#8221; type=&#8221;full_width&#8221; text_align=&#8221;left&#8221; background_animation=&#8221;none&#8221; css_animation=&#8221;&#8221;][vc_column][vc_column_text]<\/p>\n<h3>POOF<\/h3>\n<p>[\/vc_column_text][vc_column_text]<strong>Duration\u00a0<\/strong>1h15 min (aprox.)<\/p>\n<p><strong>Culturgest |\u00a0<\/strong><b>Culturgest Garage<\/b><\/p>\n<p>6 and 8 July, 20h30[\/vc_column_text][vc_empty_space height=&#8221;40px&#8221;][\/vc_column][\/vc_row][vc_row row_type=&#8221;row&#8221; use_row_as_full_screen_section=&#8221;no&#8221; type=&#8221;full_width&#8221; text_align=&#8221;left&#8221; background_animation=&#8221;none&#8221; css_animation=&#8221;&#8221;][vc_column][vc_column_text css=&#8221;.vc_custom_1688405743650{padding-right: 100px !important;padding-left: 100px !important;}&#8221;]<\/p>\n<p style=\"text-align: center;\">Everyone is briefly suspended from the floor, simultaneously going up and coming down. A disappearance of the self occurs whilst suspended and our hope not to return to the ground appears<\/p>\n<p>&nbsp;<\/p>\n<p style=\"text-align: center;\">&#8216;POOF&#8217; hypnotises itself through continually shifting its ground. Shapeshifting between fictioning, labouring and dancing, the work invokes a slippery place of (non) arrival in the body as a tool to disappear.<\/p>\n<p>&nbsp;<\/p>\n<p style=\"text-align: center;\">Through a practice of minding and mining our presence, we attend to the periphery by putting our attention into drag. &#8216;POOF&#8217; behaves as a mirage dancing from gesture to jump and dwells on the ephemerality of the dance whilst rhythmically reminding us of our tethers to memories and histories that we feel but don&#8217;t know<\/p>\n<p>&nbsp;<\/p>\n<p style=\"text-align: center;\">It is a work built and fuelled on notions of not naming in order to see.\u00a0\u2018POOF\u2019 is a word used to describe a sudden disappearance or in British slang, it is a term to describe an effeminate homosexual<\/p>\n<p>&nbsp;<\/p>\n<p style=\"text-align: center;\">7.6.23<\/p>\n<p>[\/vc_column_text][vc_separator type=&#8221;full_width&#8221; border_style=&#8221;&#8221; up=&#8221;40&#8243; down=&#8221;40&#8243; color=&#8221;#000000&#8243;][vc_column_text]<strong>Created and Directed<\/strong> by Connor Scott<\/p>\n<p><strong>Creative collaborators and performers<\/strong> Bibi D\u00f3ria, In\u00eas Pinheiro, Victor Lattaque, Lorea Burge, Emily Da Silva, Estrellx Supernova and Bruno Brandolino<\/p>\n<p><strong>Music<\/strong> Original score with Ana Ferreira &amp; Francisco Silva<\/p>\n<p><strong>Translation<\/strong> In\u00eas Zinho Pinheiro<\/p>\n<p><strong>Costumes<\/strong>\u00a0Ana Silva[\/vc_column_text][vc_separator type=&#8221;full_width&#8221; border_style=&#8221;&#8221; up=&#8221;40&#8243; down=&#8221;40&#8243; color=&#8221;#000000&#8243;][vc_column_text]<strong>Connor<\/strong> is a performer and dance maker born and raised in the northeast of England. They\u2019re background in movement stems from their studies in martial arts, breakdance and most prominently Latin and ballroom dances. Their practice is shaped through various intersections of performance from choreographic and movement research to texts, interviews, and archives. In their own dances they often work with the notion of people as an already existing choreography, looking at how to generate a collective energetic event departing from the hope in which dance instils within them. They are currently investigating how to disappear and reappear in the act of dancing\u2026[\/vc_column_text][vc_separator type=&#8221;full_width&#8221; border_style=&#8221;&#8221; up=&#8221;40&#8243; down=&#8221;40&#8243; color=&#8221;#000000&#8243;][vc_column_text]<\/p>\n<h4><strong>ACKNOWLEDGMENTS<\/strong><\/h4>\n<p>Duarte Amado, Yagiz Akin, Jo\u00e3o Dos Santos Martins, Alex Cassal, Sofia Dias and V\u00edtor Roriz, Forum Dan\u00e7a and PACAP 6 artists.[\/vc_column_text][vc_empty_space height=&#8221;20px&#8221;][vc_column_text]<strong>Image Credits<\/strong>\u00a0\u00a9 DR \u201cThe Newbiggin sword dancers in 1925\u201d[\/vc_column_text][vc_empty_space height=&#8221;40px&#8221;][vc_separator type=&#8221;full_width&#8221; border_style=&#8221;&#8221; thickness=&#8221;1&#8243; down=&#8221;40&#8243; color=&#8221;#000000&#8243;][\/vc_column][\/vc_row][vc_row row_type=&#8221;row&#8221; use_row_as_full_screen_section=&#8221;no&#8221; type=&#8221;full_width&#8221; text_align=&#8221;left&#8221; background_animation=&#8221;none&#8221; css_animation=&#8221;&#8221;][vc_column][vc_column_text]<\/p>\n<h4><strong>Culturgest | Inside Out: PACAP 6 New Creations<\/strong><\/h4>\n<p>[\/vc_column_text][vc_empty_space height=&#8221;40px&#8221;][vc_basic_grid post_type=&#8221;post&#8221; max_items=&#8221;-1&#8243; element_width=&#8221;3&#8243; gap=&#8221;15&#8243; order=&#8221;ASC&#8221; item=&#8221;23141&#8243; initial_loading_animation=&#8221;none&#8221; grid_id=&#8221;vc_gid:1688405717227-7b940b18-dcd0-4&#8243; taxonomies=&#8221;600&#8243;][vc_empty_space height=&#8221;40px&#8221;][vc_separator type=&#8221;full_width&#8221; border_style=&#8221;&#8221; thickness=&#8221;1&#8243; down=&#8221;40&#8243; color=&#8221;#000000&#8243;][\/vc_column][\/vc_row][vc_row row_type=&#8221;row&#8221; use_row_as_full_screen_section=&#8221;no&#8221; type=&#8221;full_width&#8221; text_align=&#8221;left&#8221; background_animation=&#8221;none&#8221; css_animation=&#8221;&#8221;][vc_column][vc_column_text]<\/p>\n<h4><strong>TBA &#8211; Teatro do Bairro Alto | PACAP 6 \/ Forum Dan\u00e7a: 8 Works<\/strong><\/h4>\n<p>[\/vc_column_text][vc_empty_space height=&#8221;40px&#8221;][vc_basic_grid post_type=&#8221;post&#8221; max_items=&#8221;-1&#8243; element_width=&#8221;3&#8243; gap=&#8221;15&#8243; order=&#8221;ASC&#8221; item=&#8221;23141&#8243; initial_loading_animation=&#8221;none&#8221; grid_id=&#8221;vc_gid:1688405717228-91ca4639-e5a6-3&#8243; taxonomies=&#8221;599&#8243;][vc_empty_space height=&#8221;40px&#8221;][vc_separator type=&#8221;full_width&#8221; border_style=&#8221;&#8221; thickness=&#8221;1&#8243; down=&#8221;40&#8243; color=&#8221;#000000&#8243;][\/vc_column][\/vc_row][vc_row row_type=&#8221;row&#8221; use_row_as_full_screen_section=&#8221;no&#8221; type=&#8221;full_width&#8221; text_align=&#8221;left&#8221; background_animation=&#8221;none&#8221; css_animation=&#8221;&#8221;][vc_column][vc_column_text]<\/p>\n<h2><strong>Coproducers and Support<\/strong><\/h2>\n<p><strong>Coproducers PACAP 6:<\/strong>\u00a0Teatro do Bairro Alto and Culturgest<\/p>\n<p><strong>Support PACAP 6:\u00a0<\/strong>Casa da Dan\u00e7a \u2013 Almada, Funda\u00e7\u00e3o GDA, O Rumo do Fumo, Alkantara, OPART | Est\u00fadios Victor C\u00f3rdon, O Espa\u00e7o do Tempo, Piscina.[\/vc_column_text][vc_empty_space height=&#8221;20px&#8221;][vc_row_inner row_type=&#8221;row&#8221; type=&#8221;full_width&#8221; use_row_as_full_screen_section_slide=&#8221;no&#8221; text_align=&#8221;left&#8221; css_animation=&#8221;&#8221;][vc_column_inner][vc_single_image image=&#8221;28546&#8243; img_size=&#8221;&#8221; qode_css_animation=&#8221;&#8221;][\/vc_column_inner][\/vc_row_inner][vc_empty_space height=&#8221;80px&#8221;][\/vc_column][\/vc_row]<\/p>\n<\/div>","protected":false},"excerpt":{"rendered":"<p>Forum Dan\u00e7a | Inside Out: Connor Scott  &#8211; POOF | Final Presentations PACAP 6 \/ Culturgest<\/p>\n","protected":false},"author":15,"featured_media":29442,"comment_status":"closed","ping_status":"closed","sticky":false,"template":"","format":"standard","meta":{"footnotes":""},"categories":[7,602],"tags":[],"class_list":["post-29645","post","type-post","status-publish","format-standard","has-post-thumbnail","hentry","category-agenda-en","category-inside-out-pacap-06-en"],"_links":{"self":[{"href":"https:\/\/www.forumdanca.pt\/en\/wp-json\/wp\/v2\/posts\/29645","targetHints":{"allow":["GET"]}}],"collection":[{"href":"https:\/\/www.forumdanca.pt\/en\/wp-json\/wp\/v2\/posts"}],"about":[{"href":"https:\/\/www.forumdanca.pt\/en\/wp-json\/wp\/v2\/types\/post"}],"author":[{"embeddable":true,"href":"https:\/\/www.forumdanca.pt\/en\/wp-json\/wp\/v2\/users\/15"}],"replies":[{"embeddable":true,"href":"https:\/\/www.forumdanca.pt\/en\/wp-json\/wp\/v2\/comments?post=29645"}],"version-history":[{"count":0,"href":"https:\/\/www.forumdanca.pt\/en\/wp-json\/wp\/v2\/posts\/29645\/revisions"}],"wp:featuredmedia":[{"embeddable":true,"href":"https:\/\/www.forumdanca.pt\/en\/wp-json\/wp\/v2\/media\/29442"}],"wp:attachment":[{"href":"https:\/\/www.forumdanca.pt\/en\/wp-json\/wp\/v2\/media?parent=29645"}],"wp:term":[{"taxonomy":"category","embeddable":true,"href":"https:\/\/www.forumdanca.pt\/en\/wp-json\/wp\/v2\/categories?post=29645"},{"taxonomy":"post_tag","embeddable":true,"href":"https:\/\/www.forumdanca.pt\/en\/wp-json\/wp\/v2\/tags?post=29645"}],"curies":[{"name":"wp","href":"https:\/\/api.w.org\/{rel}","templated":true}]}}