{"id":28995,"date":"2023-06-05T18:52:22","date_gmt":"2023-06-05T17:52:22","guid":{"rendered":"https:\/\/www.forumdanca.pt\/?p=28995"},"modified":"2024-06-08T11:47:14","modified_gmt":"2024-06-08T10:47:14","slug":"arte-jovem-2023","status":"publish","type":"post","link":"https:\/\/www.forumdanca.pt\/en\/arte-jovem-2023\/","title":{"rendered":"Arte Jovem 2023"},"content":{"rendered":"<div class=\"wpb-content-wrapper\"><p>[vc_row row_type=&#8221;row&#8221; use_row_as_full_screen_section=&#8221;no&#8221; type=&#8221;full_width&#8221; text_align=&#8221;left&#8221; background_animation=&#8221;none&#8221; css_animation=&#8221;&#8221;][vc_column][vc_column_text]<\/p>\n<h2>We return to the summer workshops!<\/h2>\n<h5>Creative Dance, Artistic Creation Laboratory, Theater and Video for children from 7 to 12 years old.<\/h5>\n<p>[\/vc_column_text][vc_empty_space][vc_column_text]We return to another Arte Jovem and to the activities that mark the beginning of the summer holidays.<\/p>\n<p>In these artistic ateliers of creative dance, artistic creation lab, theater and video you will: dance, sing, write, play, learn, create, think, interpret and create stories with new friends.<\/p>\n<p>On Friday you can invite all your family and friends to the final presentation of the works developed during the week!<\/p>\n<p>This year&#8217;s activities will focus on the book \u201cO Protesto\u201d by Eduarda Lima, published by Orfeu Negro for the Orfeu Mini collection, a story about the impact of human action on the environment.[\/vc_column_text][vc_empty_space height=&#8221;80px&#8221;][\/vc_column][\/vc_row][vc_row row_type=&#8221;row&#8221; use_row_as_full_screen_section=&#8221;no&#8221; type=&#8221;full_width&#8221; text_align=&#8221;left&#8221; background_animation=&#8221;none&#8221; css_animation=&#8221;&#8221;][vc_column width=&#8221;1\/3&#8243;][vc_single_image image=&#8221;28905&#8243; img_size=&#8221;full&#8221; add_caption=&#8221;yes&#8221; onclick=&#8221;link_image&#8221; qode_css_animation=&#8221;&#8221;][\/vc_column][vc_column width=&#8221;2\/3&#8243;][vc_column_text css=&#8221;.vc_custom_1717843103244{margin-top: 40px !important;margin-right: 40px !important;margin-bottom: 40px !important;margin-left: 40px !important;}&#8221;]<\/p>\n<h3><strong>Program from July 10th to 14th<\/strong><\/h3>\n<p>&nbsp;<\/p>\n<ul>\n<li>Creative Dance, with <strong>Carla Ribeiro<\/strong>, from 10:15 am to 11:30 am<\/li>\n<li>Artistic Creation Lab, with <strong>M\u00e1rcia Lan\u00e7a<\/strong>, from 11:45 am to 1:00 pm<\/li>\n<li>Theater and Video, with <strong>Manuela Pedroso<\/strong> and <strong>Jo\u00e3o Pinto<\/strong>, from 2:30 pm to 5:15 pm<\/li>\n<li>Final presentation: Friday, July 14th at 5 pm<\/li>\n<\/ul>\n<p>&nbsp;<\/p>\n<h3><strong>Important informations<\/strong><\/h3>\n<p>&nbsp;<\/p>\n<ul>\n<li>Arte Jovem takes place from the 10th to the 14th of July, with activities between 10:15 and 17:15.<\/li>\n<li>The age group of the participants is between 7 and 12 years old.<\/li>\n<li>All participants must have completed at least the 1st year of compulsory school education.<\/li>\n<li>We welcome participants from 9:30 am and they can stay until 6:30 pm.<\/li>\n<li>Every day there will be a break for lunch and play, which takes place between 1:00 pm and 2:30 pm.<\/li>\n<li>Participants bring lunch and snacks from home (don\u2019t forget bring cutlery too). Forum Dan\u00e7a ensures the heating of meals and monitoring of children\/young people<\/li>\n<li>Friday, July 14th at 5:00 pm: invitation to family members to attend the presentation of the work developed throughout the week.<\/li>\n<\/ul>\n<p>[\/vc_column_text][vc_empty_space height=&#8221;40px&#8221;][\/vc_column][\/vc_row][vc_row row_type=&#8221;row&#8221; use_row_as_full_screen_section=&#8221;no&#8221; type=&#8221;full_width&#8221; text_align=&#8221;left&#8221; background_animation=&#8221;none&#8221; css_animation=&#8221;&#8221;][vc_column][vc_column_text]<\/p>\n<h3><strong>Participation Fee<\/strong><\/h3>\n<ul>\n<li>Full day \u2013 \u20ac130,00<\/li>\n<li>Morning periods \u2013 \u20ac75,00 (midday)<\/li>\n<li>Afternoon periods \u2013 \u20ac75,00 (half-day)<\/li>\n<\/ul>\n<p>&nbsp;<\/p>\n<h3><strong>Discount<\/strong><\/h3>\n<p>Minus 10% for siblings, residents of Penha de Fran\u00e7a and Forum Dan\u00e7a students in the current academic year (2022\/23).<\/p>\n<p>&nbsp;<\/p>\n<h3><strong>Registration and more information<\/strong><\/h3>\n<p>Registrations are made using the form available on our website (below, on this page) and requests for more information should be sent to our\u00a0<a href=\"mailto:forumdanca@forumdanca.pt\" target=\"_blank\" rel=\"noopener\">email<\/a>.[\/vc_column_text][vc_empty_space height=&#8221;80px&#8221;][\/vc_column][\/vc_row][vc_row row_type=&#8221;row&#8221; use_row_as_full_screen_section=&#8221;no&#8221; type=&#8221;full_width&#8221; text_align=&#8221;left&#8221; background_animation=&#8221;none&#8221; css_animation=&#8221;&#8221;][vc_column][vc_column_text]<\/p>\n<h3><strong>Activities Calendar<\/strong><\/h3>\n<p>[\/vc_column_text][vc_empty_space height=&#8221;40px&#8221;][vc_tabs style=&#8221;vertical_left&#8221;][vc_tab title=&#8221;10 JULY&#8221; tab_id=&#8221;19fec8ca-54ae-2f28e-25fb&#8221;][vc_column_text]<strong>10h15 \u2013 11h15<\/strong><br \/>\nCreative Dance workshop,<\/p>\n<p>With\u00a0<strong>Carla Ribeiro<\/strong>[\/vc_column_text][vc_separator type=&#8221;normal&#8221; border_style=&#8221;&#8221;][vc_column_text]<strong>11h45 \u2013 13h00<\/strong><br \/>\nArtistic Creation Lab,<\/p>\n<p>With\u00a0<strong>M\u00e1rcia Lan\u00e7a<\/strong>[\/vc_column_text][vc_separator type=&#8221;normal&#8221; border_style=&#8221;&#8221;][vc_column_text]<strong>LUNCH &amp; PLAY<\/strong>[\/vc_column_text][vc_separator type=&#8221;normal&#8221; border_style=&#8221;&#8221;][vc_column_text]<strong>14h30 \u2013 15h45 \/\u00a0<\/strong><strong>16h \u2013 17h15<\/strong><br \/>\nTheater and Video Workshop,<\/p>\n<p>With <strong>Manuela Pedroso<\/strong> and <strong>Jo\u00e3o Pinto<\/strong>[\/vc_column_text][\/vc_tab][vc_tab title=&#8221;11 JULY&#8221; tab_id=&#8221;1686515385978-2-4&#8243;][vc_column_text]<strong>10h15 \u2013 11h15<\/strong><br \/>\nCreative Dance workshop,<\/p>\n<p>With\u00a0<strong>Carla Ribeiro<\/strong>[\/vc_column_text][vc_separator type=&#8221;normal&#8221; border_style=&#8221;&#8221;][vc_column_text]<strong>11h45 \u2013 13h00<\/strong><br \/>\nArtistic Creation Lab,<\/p>\n<p>With\u00a0<strong>M\u00e1rcia Lan\u00e7a<\/strong>[\/vc_column_text][vc_separator type=&#8221;normal&#8221; border_style=&#8221;&#8221;][vc_column_text]<strong>LUNCH &amp; PLAY<\/strong>[\/vc_column_text][vc_separator type=&#8221;normal&#8221; border_style=&#8221;&#8221;][vc_column_text]<strong>14h30 \u2013 15h45 \/\u00a0<\/strong><strong>16h \u2013 17h15<\/strong><br \/>\nTheater and Video Workshop,<\/p>\n<p>With <strong>Manuela Pedroso<\/strong> and <strong>Jo\u00e3o Pinto<\/strong>[\/vc_column_text][\/vc_tab][vc_tab title=&#8221;12 JULY&#8221; tab_id=&#8221;1686515395448-3-6&#8243;][vc_column_text]<strong>10h15 \u2013 11h15<\/strong><br \/>\nCreative Dance workshop,<\/p>\n<p>With\u00a0<strong>Carla Ribeiro<\/strong>[\/vc_column_text][vc_separator type=&#8221;normal&#8221; border_style=&#8221;&#8221;][vc_column_text]<strong>11h45 \u2013 13h00<\/strong><br \/>\nArtistic Creation Lab,<\/p>\n<p>With\u00a0<strong>M\u00e1rcia Lan\u00e7a<\/strong>[\/vc_column_text][vc_separator type=&#8221;normal&#8221; border_style=&#8221;&#8221;][vc_column_text]<strong>LUNCH &amp; PLAY<\/strong>[\/vc_column_text][vc_separator type=&#8221;normal&#8221; border_style=&#8221;&#8221;][vc_column_text]<strong>14h30 \u2013 15h45 \/\u00a0<\/strong><strong>16h \u2013 17h15<\/strong><br \/>\nTheater and Video Workshop,<\/p>\n<p>With <strong>Manuela Pedroso<\/strong> and <strong>Jo\u00e3o Pinto<\/strong>[\/vc_column_text][\/vc_tab][vc_tab title=&#8221;13 JULY&#8221; tab_id=&#8221;1686515403716-4-2&#8243;][vc_column_text]<strong>10h15 \u2013 11h15<\/strong><br \/>\nCreative Dance workshop,<\/p>\n<p>With\u00a0<strong>Carla Ribeiro<\/strong>[\/vc_column_text][vc_separator type=&#8221;normal&#8221; border_style=&#8221;&#8221;][vc_column_text]<strong>11h45 \u2013 13h00<\/strong><br \/>\nArtistic Creation Lab,<\/p>\n<p>With\u00a0<strong>M\u00e1rcia Lan\u00e7a<\/strong>[\/vc_column_text][vc_separator type=&#8221;normal&#8221; border_style=&#8221;&#8221;][vc_column_text]<strong>LUNCH &amp; PLAY<\/strong>[\/vc_column_text][vc_separator type=&#8221;normal&#8221; border_style=&#8221;&#8221;][vc_column_text]<strong>14h30 \u2013 15h45 \/\u00a0<\/strong><strong>16h \u2013 17h15<\/strong><br \/>\nTheater and Video Workshop,<\/p>\n<p>With <strong>Manuela Pedroso<\/strong> and <strong>Jo\u00e3o Pinto<\/strong>[\/vc_column_text][\/vc_tab][vc_tab title=&#8221;14 JULY&#8221; tab_id=&#8221;1686515420173-5-4&#8243;][vc_column_text]<strong>10h15 \u2013 11h15<\/strong><br \/>\nCreative Dance workshop,<\/p>\n<p>With\u00a0<strong>Carla Ribeiro<\/strong>[\/vc_column_text][vc_separator type=&#8221;normal&#8221; border_style=&#8221;&#8221;][vc_column_text]<strong>11h45 \u2013 13h00<\/strong><br \/>\nArtistic Creation Lab,<\/p>\n<p>With\u00a0<strong>M\u00e1rcia Lan\u00e7a<\/strong>[\/vc_column_text][vc_separator type=&#8221;normal&#8221; border_style=&#8221;&#8221;][vc_column_text]<strong>LUNCH &amp; PLAY<\/strong>[\/vc_column_text][vc_separator type=&#8221;normal&#8221; border_style=&#8221;&#8221;][vc_column_text]<strong>14h30 \u2013 15h45 \/\u00a0<\/strong><strong>16h \u2013 17h15<\/strong><br \/>\nTheater and Video Workshop,<\/p>\n<p>With <strong>Manuela Pedroso<\/strong> and <strong>Jo\u00e3o Pinto<\/strong>[\/vc_column_text][vc_separator type=&#8221;normal&#8221; border_style=&#8221;&#8221;][vc_column_text]<b>17h00<\/b><br \/>\nFinal presentation to family and friends.[\/vc_column_text][\/vc_tab][\/vc_tabs][vc_empty_space height=&#8221;80px&#8221;][\/vc_column][\/vc_row][vc_row row_type=&#8221;row&#8221; use_row_as_full_screen_section=&#8221;no&#8221; type=&#8221;full_width&#8221; text_align=&#8221;left&#8221; background_animation=&#8221;none&#8221; css_animation=&#8221;&#8221;][vc_column][vc_column_text]<\/p>\n<h3><b>Teachers<\/b><\/h3>\n<p>[\/vc_column_text][vc_empty_space height=&#8221;20px&#8221;][vc_accordion active_tab=&#8221;false&#8221; collapsible=&#8221;yes&#8221; style=&#8221;boxed_accordion&#8221;][vc_accordion_tab title=&#8221;Carla Ribeiro&#8221; title_color=&#8221;#000000&#8243; background_color=&#8221;#eeeeee&#8221;][vc_row_inner row_type=&#8221;row&#8221; type=&#8221;full_width&#8221; use_row_as_full_screen_section_slide=&#8221;no&#8221; text_align=&#8221;left&#8221; css_animation=&#8221;&#8221;][vc_column_inner width=&#8221;1\/3&#8243;][vc_single_image image=&#8221;28933&#8243; img_size=&#8221;full&#8221; add_caption=&#8221;yes&#8221; qode_css_animation=&#8221;&#8221;][\/vc_column_inner][vc_column_inner width=&#8221;2\/3&#8243;][vc_column_text]<strong>Carla Ribeiro<\/strong> starts studying Classical and Modern dance with Igor Ivanoff and Madalena Victorino.<\/p>\n<p>She graduated from Escola Superior de Dan\u00e7a and took the Dan\u00e7a na Comunidade course at Forum Dan\u00e7a. In her further training she works with Carolyn Carlson, Ann Papoulis, Stephanie Skura and Mestre Noro.<\/p>\n<p>As a performer, highlights include shows performed with Olga Roriz Companhia de Dan\u00e7a, Susana Vidal, Marina Nabais Dan\u00e7a, John Mowat, T\u00e2nia Carvalho\/Aza Companhia, Companhia Paulo Ribeiro, Ricardo Pais, O \u00datero, Pigeons International, Nuno Carinhas, Teatro O Bando , etc.<\/p>\n<p>In addition to her artistic activity, she teaches Contemporary Dance at Forum Dan\u00e7a and Creative Dance at Col\u00e9gio Ces\u00e1rio Verde.<\/p>\n<p>As a teacher, she took classes in Contemporary Dance at Forum Dan\u00e7a, Inclusive Dance at Funda\u00e7\u00e3o Liga, Creative Dance at Col\u00e9gio Ces\u00e1rio Verde (and current Ces\u00e1rio Verde International School) and Body Classes at AMA.[\/vc_column_text][\/vc_column_inner][\/vc_row_inner][\/vc_accordion_tab][vc_accordion_tab title=&#8221;Jo\u00e3o Pinto&#8221; title_color=&#8221;#000000&#8243; background_color=&#8221;#eeeeee&#8221;][vc_row_inner row_type=&#8221;row&#8221; type=&#8221;full_width&#8221; use_row_as_full_screen_section_slide=&#8221;no&#8221; text_align=&#8221;left&#8221; css_animation=&#8221;&#8221;][vc_column_inner width=&#8221;1\/3&#8243;][vc_single_image image=&#8221;26176&#8243; img_size=&#8221;full&#8221; add_caption=&#8221;yes&#8221; qode_css_animation=&#8221;&#8221;][\/vc_column_inner][vc_column_inner width=&#8221;2\/3&#8243;][vc_column_text]<strong>Jo\u00e3o Pinto<\/strong> (aka PTV), director, editor &amp; image manipulator. Completed the superior film school in 1993. He collaborated with numerous creators in the field of contemporary dance, music, theater and cinema:<\/p>\n<p>Aldara Bizarro, Filipa Francisco, Paulo Ribeiro, V\u00edtor Rua, Nuno Rebelo, Carlos Barreto, Fernando Mora Ramos, Edgar P\u00eara, Miguel Seabra, among others, promoting their works and signing many original video creations.<\/p>\n<p>He has produced video art projects, documentaries, and music videos. Pioneer of video jamming (VJ) from 1996 to the present day. He participated in educational and innovative Art projects in public schools: Projecto Respira (2009\/10) and \u201cSomos N\u00f3s\u201d (2021). He has worked on several development projects with minorities (Alkantara Festival and Calouste Gulbenkian Foundation 2008\/11), \u201cNu Kre Bai Na Bu Onda\u201d and \u201cTapete\u201d. \u201cA Pregui\u00e7a Ataca?\u201d, documentary complement to the contemporary dance piece (2022). \u201cA Mulher Azul\u201d, directing a short film for RTP Palco (2022).[\/vc_column_text][\/vc_column_inner][\/vc_row_inner][\/vc_accordion_tab][vc_accordion_tab title=&#8221;Manuela Pedroso&#8221; title_color=&#8221;#000000&#8243; background_color=&#8221;#eeeeee&#8221;][vc_row_inner row_type=&#8221;row&#8221; type=&#8221;full_width&#8221; use_row_as_full_screen_section_slide=&#8221;no&#8221; text_align=&#8221;left&#8221; css_animation=&#8221;&#8221;][vc_column_inner width=&#8221;1\/3&#8243;][vc_single_image image=&#8221;28935&#8243; img_size=&#8221;full&#8221; add_caption=&#8221;yes&#8221; qode_css_animation=&#8221;&#8221;][\/vc_column_inner][vc_column_inner width=&#8221;2\/3&#8243;][vc_column_text]<strong>Manuela Pedroso<\/strong> has a degree in Theatre\/Training of Actors and Directors by Escola Superior de Teatro e Cinema, in Lisbon. She attended the Community Dance Monitor Course organized by Forum Dan\u00e7a, in 1992\/93.<\/p>\n<p>Since 1986 she works as a professional actress in several theatre companies; Teatro Espa\u00e7o, Teatro da Malaposta, Teatro do S\u00e9culo, Teatro Meridional, Casa Conveniente, among others; directed by the directors: \u00c1gueda Sena, Jos\u00e9 Martins, Figueira Cid, Rui Mendes, M\u00e1rio Feliciano, In\u00eas C\u00e2mara Pestana, Miguel Seabra, Layla Ripol, M\u00f3nica Calle, In\u00eas Barahona, Giacomo Scalisi, Miguel Fragata, Jo\u00e3o de Brito, and Caroline Bergeron.<\/p>\n<p>She participated as an interpreter in the Dance area in choreographic projects by Margarida Pinto Coelho, Paulo Henrique, and Madalena Victorino.<\/p>\n<p>She has been working since 1991 as a trainer in the field of Theater and Creative Dance with various official entities that promote artistic education in Portugal.[\/vc_column_text][\/vc_column_inner][\/vc_row_inner][\/vc_accordion_tab][vc_accordion_tab title=&#8221;M\u00e1rcia Lan\u00e7a&#8221; title_color=&#8221;#000000&#8243; background_color=&#8221;#eeeeee&#8221;][vc_row_inner row_type=&#8221;row&#8221; type=&#8221;full_width&#8221; use_row_as_full_screen_section_slide=&#8221;no&#8221; text_align=&#8221;left&#8221; css_animation=&#8221;&#8221;][vc_column_inner width=&#8221;1\/3&#8243;][vc_single_image image=&#8221;26215&#8243; img_size=&#8221;full&#8221; add_caption=&#8221;yes&#8221; qode_css_animation=&#8221;&#8221;][\/vc_column_inner][vc_column_inner width=&#8221;2\/3&#8243;][vc_column_text]<strong>M\u00e1rcia Lan\u00e7a<\/strong> was born in Beja and lives in Lisbon. In 2008 she founded VAGAR of which she is the artistic director. She has worked as a choreographer and performer in a variety of collaborative settings. She moves in territories where the boundaries between the fictional and the real are tenuous and diffuse. Her interest in the poetic materiality of concrete actions and tasks is at the heart of her creative processes. She is passionate about emerging collective compositions, thinking as action, and situated constructions. More info <a href=\"https:\/\/www.vagar.pt\" target=\"_blank\" rel=\"noopener\"><strong>here<\/strong><\/a>[\/vc_column_text][\/vc_column_inner][\/vc_row_inner][\/vc_accordion_tab][\/vc_accordion][vc_empty_space height=&#8221;80px&#8221;][\/vc_column][\/vc_row][vc_row row_type=&#8221;row&#8221; use_row_as_full_screen_section=&#8221;no&#8221; type=&#8221;full_width&#8221; text_align=&#8221;left&#8221; background_animation=&#8221;none&#8221; css_animation=&#8221;&#8221;][vc_column][vc_column_text]<\/p>\n<h3><b>Registration form<\/b><\/h3>\n<p>[\/vc_column_text][vc_empty_space height=&#8221;20px&#8221;][vc_column_text]<form id=\"forminator-module-29066\" class=\"forminator-custom-form forminator-custom-form-29066\" method=\"post\" data-forminator-render=\"0\" data-uid=\"69f3268c1be9a\"><div role=\"alert\" aria-live=\"polite\" class=\"forminator-response-message forminator-error\" aria-hidden=\"true\"><\/div><\/form>[\/vc_column_text][vc_empty_space height=&#8221;80px&#8221;][\/vc_column][\/vc_row][vc_row row_type=&#8221;row&#8221; use_row_as_full_screen_section=&#8221;no&#8221; type=&#8221;full_width&#8221; text_align=&#8221;left&#8221; background_animation=&#8221;none&#8221; css_animation=&#8221;&#8221;][vc_column width=&#8221;1\/3&#8243;][vc_column_text]<\/p>\n<div class=\"page\" title=\"Page 2\">\n<div class=\"layoutArea\">\n<div class=\"column\">\n<h3><strong>About the book<\/strong><\/h3>\n<\/div>\n<\/div>\n<\/div>\n<p>[\/vc_column_text][vc_empty_space height=&#8221;20px&#8221;][vc_single_image image=&#8221;28922&#8243; img_size=&#8221;full&#8221; add_caption=&#8221;yes&#8221; onclick=&#8221;custom_link&#8221; img_link_target=&#8221;_blank&#8221; qode_css_animation=&#8221;&#8221; link=&#8221;https:\/\/www.orfeunegro.org\/products\/o-protesto&#8221;][vc_empty_space height=&#8221;40px&#8221;][vc_btn title=&#8221;Buy the book&#8221; style=&#8221;flat&#8221; shape=&#8221;square&#8221; color=&#8221;black&#8221; link=&#8221;url:https%3A%2F%2Fwww.orfeunegro.org%2Fproducts%2Fo-protesto|target:_blank&#8221;][vc_empty_space height=&#8221;80px&#8221;][\/vc_column][vc_column width=&#8221;2\/3&#8243; css=&#8221;.vc_custom_1685990771210{margin: 40px !important;}&#8221;][vc_column_text]<strong>O Protesto<br \/>\n<\/strong>de Eduarda Lima<\/p>\n<p>&nbsp;<\/p>\n<blockquote><p>The birds stopped singing. The cats no longer meowed. And the cows refused to give milk. The animals seemed to have made a pact&#8230;<\/p>\n<p>Eduarda Lima&#8217;s debut album, O PROTESTO is a silent scream. From the tiny insects to the pets at home, from the virgin forest to our city&#8217;s river, silence echoes everywhere. Can you hear? This is a story and a call to unite today against pollution and waste, and to sow what others will later reap.<\/p><\/blockquote>\n<p>&nbsp;<\/p>\n<p>O Protesto, by Eduarda Lima, already has two editions. It was awarded with the following prizes:<\/p>\n<p>&nbsp;<\/p>\n<ul>\n<li>NATIONAL ILLUSTRATION AWARD 2021 | Special Mention<\/li>\n<li>BIG ACQUISITION AWARD 2021 | Guimar\u00e3es Illustration Biennial<\/li>\n<li>IMAGE OF THE BOOK | Laureate &#8211; Original Picture Book<\/li>\n<\/ul>\n<p>&nbsp;<\/p>\n<p>A small animation about the book can be seen <strong><a href=\"https:\/\/vimeo.com\/434740027\" target=\"_blank\" rel=\"noopener\">here<\/a><\/strong>.<\/p>\n<p>&nbsp;<\/p>\n<ul>\n<li><strong>COLECTION<\/strong>\u00a0Orfeu Mini<\/li>\n<li><strong>PUBLISHING YEAR<\/strong>\u00a02.nd EDITION 2022 (1st ed. 2020)<\/li>\n<li><strong>PAGE NR.<\/strong>\u00a040<\/li>\n<li><strong>FORMAT<\/strong>\u00a022 x 28,6 cm<\/li>\n<li><strong>EAN<\/strong> 9789898868824<\/li>\n<\/ul>\n<p>&nbsp;<\/p>\n<p><strong>About the author<\/strong><\/p>\n<p>Eduarda Lima studied architecture and is dedicated to illustration and 2D animation, in an international and award-winning career. In 2019 she participated in the annual exhibition ILUSTRA 33 and her work was selected for the International Meeting of S\u00e3o Jo\u00e3o da Madeira. More information\u00a0<a href=\"https:\/\/www.eduardalima.com\/O-PROTESTO\" target=\"_blank\" rel=\"noopener\"><strong>here<\/strong><\/a>.[\/vc_column_text][vc_empty_space height=&#8221;80px&#8221;][\/vc_column][\/vc_row]<\/p>\n<\/div>","protected":false},"excerpt":{"rendered":"<p>ARTE JOVEM 2023 | Forum Dan\u00e7a, de 10 a 14 de Julho | Crian\u00e7as\/Jovens (7-12 anos)<\/p>\n","protected":false},"author":15,"featured_media":28909,"comment_status":"closed","ping_status":"closed","sticky":false,"template":"","format":"standard","meta":{"footnotes":""},"categories":[335,269,7,311],"tags":[],"class_list":["post-28995","post","type-post","status-publish","format-standard","has-post-thumbnail","hentry","category-artejovem-en","category-blog-en","category-agenda-en","category-highlights"],"_links":{"self":[{"href":"https:\/\/www.forumdanca.pt\/en\/wp-json\/wp\/v2\/posts\/28995","targetHints":{"allow":["GET"]}}],"collection":[{"href":"https:\/\/www.forumdanca.pt\/en\/wp-json\/wp\/v2\/posts"}],"about":[{"href":"https:\/\/www.forumdanca.pt\/en\/wp-json\/wp\/v2\/types\/post"}],"author":[{"embeddable":true,"href":"https:\/\/www.forumdanca.pt\/en\/wp-json\/wp\/v2\/users\/15"}],"replies":[{"embeddable":true,"href":"https:\/\/www.forumdanca.pt\/en\/wp-json\/wp\/v2\/comments?post=28995"}],"version-history":[{"count":0,"href":"https:\/\/www.forumdanca.pt\/en\/wp-json\/wp\/v2\/posts\/28995\/revisions"}],"wp:featuredmedia":[{"embeddable":true,"href":"https:\/\/www.forumdanca.pt\/en\/wp-json\/wp\/v2\/media\/28909"}],"wp:attachment":[{"href":"https:\/\/www.forumdanca.pt\/en\/wp-json\/wp\/v2\/media?parent=28995"}],"wp:term":[{"taxonomy":"category","embeddable":true,"href":"https:\/\/www.forumdanca.pt\/en\/wp-json\/wp\/v2\/categories?post=28995"},{"taxonomy":"post_tag","embeddable":true,"href":"https:\/\/www.forumdanca.pt\/en\/wp-json\/wp\/v2\/tags?post=28995"}],"curies":[{"name":"wp","href":"https:\/\/api.w.org\/{rel}","templated":true}]}}