{"id":28875,"date":"2022-05-02T17:08:26","date_gmt":"2022-05-02T16:08:26","guid":{"rendered":"https:\/\/www.forumdanca.pt\/?p=28875"},"modified":"2023-06-05T17:37:43","modified_gmt":"2023-06-05T16:37:43","slug":"arte-jovem-2022","status":"publish","type":"post","link":"https:\/\/www.forumdanca.pt\/en\/arte-jovem-2022\/","title":{"rendered":"Arte Jovem 2022"},"content":{"rendered":"<div class=\"wpb-content-wrapper\"><p>[vc_row row_type=&#8221;row&#8221; use_row_as_full_screen_section=&#8221;no&#8221; type=&#8221;full_width&#8221; text_align=&#8221;left&#8221; background_animation=&#8221;none&#8221; css_animation=&#8221;&#8221;][vc_column][vc_column_text]<\/p>\n<h2>Our Art Workshops are back!<\/h2>\n<h5>Dance, Voice, Music, Theater and Video for children from 7 to 12 years old.<\/h5>\n<p>[\/vc_column_text][vc_empty_space][\/vc_column][\/vc_row][vc_row row_type=&#8221;row&#8221; use_row_as_full_screen_section=&#8221;no&#8221; type=&#8221;full_width&#8221; text_align=&#8221;left&#8221; background_animation=&#8221;none&#8221; css_animation=&#8221;&#8221;][vc_column width=&#8221;2\/3&#8243;][vc_column_text]We finally return to Arte Jovem and the activities that mark the beginning of the summer holidays.<\/p>\n<p>With these artistic workshops you will be able to learn, create, think, interpret and share creative experiences with new friends.<\/p>\n<p>This year&#8217;s activities will have Sound, Music and Silence as their theme and we will count on the help of the book &#8220;Alto, Baixo, Num Sussurro&#8221;, by Romana Romanyshyn and Andriy Lesiv, from the Orfeu Mini collection, by the publisher Orfeu Negro.<\/p>\n<p>At the end of the week, you&#8217;ll show your family and friends everything you&#8217;ve learned while playing, in a small presentation.[\/vc_column_text][vc_empty_space height=&#8221;40px&#8221;][vc_column_text]<\/p>\n<h3><strong>Activities from 4th to 8th of July<\/strong><\/h3>\n<p>&nbsp;<\/p>\n<ul>\n<li>Dance and Voice with MARIA RADICH (from 10:15 am to 11:15 am)<\/li>\n<li>Music with NUNO CINTR\u00c3O (from 11:45 to 13:00)<\/li>\n<li>Theater with MANUELA PEDROSO and Video with JO\u00c3O PINTO (from 2:30 pm to 5:15 pm)<\/li>\n<\/ul>\n<p>&nbsp;<\/p>\n<h3><strong>Important informations<\/strong><\/h3>\n<p>&nbsp;<\/p>\n<ul>\n<li>Arte Jovem takes place from the 4th to the 8th of July, with activities between 10:15 and 17:15.<\/li>\n<li>The age group of the participants is between 7 and 12 years old.<\/li>\n<li>All participants must have completed at least the 1st year of compulsory school education.<\/li>\n<li>We welcome participants from 9:30 am and they can stay until 6:30 pm.<\/li>\n<li>Every day there will be a break for lunch and play, which takes place between 1:00 pm and 2:30 pm.<\/li>\n<li>Participants bring lunch and snacks from home (don&#8217;t forget: bring cutlery too). Forum Dan\u00e7a ensures the heating of meals and monitoring of children\/young people.<\/li>\n<li>Friday, July 8th at 5:00 pm: invitation to family members to attend the presentation of the work developed throughout the week.<\/li>\n<\/ul>\n<p>&nbsp;<\/p>\n<h3><strong>Participation Fee<\/strong><\/h3>\n<p>&nbsp;<\/p>\n<ul>\n<li>Full day &#8211; \u20ac130.00<\/li>\n<li>Morning periods \u2013 \u20ac75.00 (midday)<\/li>\n<li>Afternoon periods \u2013 \u20ac75.00 (half-day)<\/li>\n<\/ul>\n<p>&nbsp;<\/p>\n<h3><strong>Discount<\/strong><\/h3>\n<p>&nbsp;<\/p>\n<ul>\n<li>Minus 10% for siblings, residents of Penha de Fran\u00e7a and Forum Dan\u00e7a students in the current academic year (2021\/22).<\/li>\n<\/ul>\n<p>&nbsp;<\/p>\n<h3><strong>Registration and more information<\/strong><\/h3>\n<p>&nbsp;<\/p>\n<ul>\n<li>Subscriptions to our <a href=\"mailto:forumdanca@forumdanca.pt\" target=\"_blank\" rel=\"noopener\">email<\/a>.<\/li>\n<\/ul>\n<p>[\/vc_column_text][vc_empty_space height=&#8221;40px&#8221;][vc_column_text]<\/p>\n<h3><strong>Activities Calendar<\/strong><\/h3>\n<p>[\/vc_column_text][vc_empty_space height=&#8221;40px&#8221;][vc_tabs style=&#8221;vertical_left&#8221;][vc_tab title=&#8221;JULY 4&#8243; tab_id=&#8221;19fec8ca-54ae-28c4b-d009&#8243;][vc_column_text]<strong>10:15 \u2013 11:15<\/strong><\/p>\n<p>Dance and Voice Atelier,<\/p>\n<p>with <strong>Maria Radich<\/strong>[\/vc_column_text][vc_separator type=&#8221;normal&#8221; border_style=&#8221;&#8221;][vc_column_text]<strong>11:45 \u2013 13:00<\/strong><\/p>\n<p>Music Atelier,<\/p>\n<p>with <strong>Nuno Cintr\u00e3o<\/strong>[\/vc_column_text][vc_separator type=&#8221;normal&#8221; border_style=&#8221;&#8221;][vc_column_text]<strong>LUNCH AND PLAYGROUND<\/strong>[\/vc_column_text][vc_separator type=&#8221;normal&#8221; border_style=&#8221;&#8221;][vc_column_text]<strong>14:30 \u2013 15:45 \/ 16:00 \u2013 17:15<\/strong><\/p>\n<p>Theater and Video Workshops,<\/p>\n<p>With <strong>Manuela Pedroso<\/strong> and <strong>Jo\u00e3o Pinto<\/strong>[\/vc_column_text][\/vc_tab][vc_tab title=&#8221;JULY 5&#8243; tab_id=&#8221;1654038384946-1-108c4b-d009&#8243;][vc_column_text]<strong>10:15 \u2013 11:15<\/strong><\/p>\n<p>Dance and Voice Atelier,<\/p>\n<p>with <strong>Maria Radich<\/strong>[\/vc_column_text][vc_separator type=&#8221;normal&#8221; border_style=&#8221;&#8221;][vc_column_text]<strong>11:45 \u2013 13:00<\/strong><\/p>\n<p>Music Atelier,<\/p>\n<p>with <strong>Nuno Cintr\u00e3o<\/strong>[\/vc_column_text][vc_separator type=&#8221;normal&#8221; border_style=&#8221;&#8221;][vc_column_text]<strong>LUNCH AND PLAYGROUND<\/strong>[\/vc_column_text][vc_separator type=&#8221;normal&#8221; border_style=&#8221;&#8221;][vc_column_text]<strong>14:30 \u2013 15:45 \/ 16:00 \u2013 17:15<\/strong><\/p>\n<p>Theater and Video Workshops,<\/p>\n<p>With <strong>Manuela Pedroso<\/strong> and <strong>Jo\u00e3o Pinto<\/strong>[\/vc_column_text][\/vc_tab][vc_tab title=&#8221;JULY 6&#8243; tab_id=&#8221;1654038386530-2-78c4b-d009&#8243;][vc_column_text]<strong>10:15 \u2013 11:15<\/strong><\/p>\n<p>Dance and Voice Atelier,<\/p>\n<p>with <strong>Maria Radich<\/strong>[\/vc_column_text][vc_separator type=&#8221;normal&#8221; border_style=&#8221;&#8221;][vc_column_text]<strong>11:45 \u2013 13:00<\/strong><\/p>\n<p>Music Atelier,<\/p>\n<p>with <strong>Nuno Cintr\u00e3o<\/strong>[\/vc_column_text][vc_separator type=&#8221;normal&#8221; border_style=&#8221;&#8221;][vc_column_text]<strong>LUNCH AND PLAYGROUND<\/strong>[\/vc_column_text][vc_separator type=&#8221;normal&#8221; border_style=&#8221;&#8221;][vc_column_text]<strong>14:30 \u2013 15:45 \/ 16:00 \u2013 17:15<\/strong><\/p>\n<p>Theater and Video Workshops,<\/p>\n<p>With <strong>Manuela Pedroso<\/strong> and <strong>Jo\u00e3o Pinto<\/strong>[\/vc_column_text][\/vc_tab][vc_tab title=&#8221;JULY 7&#8243; tab_id=&#8221;1654038387330-3-68c4b-d009&#8243;][vc_column_text]<strong>10:15 \u2013 11:15<\/strong><\/p>\n<p>Dance and Voice Atelier,<\/p>\n<p>with <strong>Maria Radich<\/strong>[\/vc_column_text][vc_separator type=&#8221;normal&#8221; border_style=&#8221;&#8221;][vc_column_text]<strong>11:45 \u2013 13:00<\/strong><\/p>\n<p>Music Atelier,<\/p>\n<p>with <strong>Nuno Cintr\u00e3o<\/strong>[\/vc_column_text][vc_separator type=&#8221;normal&#8221; border_style=&#8221;&#8221;][vc_column_text]<strong>LUNCH AND PLAYGROUND<\/strong>[\/vc_column_text][vc_separator type=&#8221;normal&#8221; border_style=&#8221;&#8221;][vc_column_text]<strong>14:30 \u2013 15:45 \/ 16:00 \u2013 17:15<\/strong><\/p>\n<p>Theater and Video Workshops,<\/p>\n<p>With <strong>Manuela Pedroso<\/strong> and <strong>Jo\u00e3o Pinto<\/strong>[\/vc_column_text][\/vc_tab][vc_tab title=&#8221;JULY 8&#8243; tab_id=&#8221;1654038388130-4-68c4b-d009&#8243;][vc_column_text]<strong>10:15 \u2013 11:15<\/strong><\/p>\n<p>Dance and Voice Atelier,<\/p>\n<p>with <strong>Maria Radich<\/strong>[\/vc_column_text][vc_separator type=&#8221;normal&#8221; border_style=&#8221;&#8221;][vc_column_text]<strong>11:45 \u2013 13:00<\/strong><\/p>\n<p>Music Atelier,<\/p>\n<p>with <strong>Nuno Cintr\u00e3o<\/strong>[\/vc_column_text][vc_separator type=&#8221;normal&#8221; border_style=&#8221;&#8221;][vc_column_text]<strong>LUNCH AND PLAYGROUND<\/strong>[\/vc_column_text][vc_separator type=&#8221;normal&#8221; border_style=&#8221;&#8221;][vc_column_text]<strong>14:30 \u2013 15:45 \/ 16:00 \u2013 17:00<\/strong><\/p>\n<p>Theater and Video Workshops,<\/p>\n<p>With <strong>Manuela Pedroso<\/strong> and <strong>Jo\u00e3o Pinto<\/strong>[\/vc_column_text][vc_separator type=&#8221;normal&#8221; border_style=&#8221;&#8221;][vc_column_text]<strong>17:00<\/strong><\/p>\n<p>Final presentation.[\/vc_column_text][\/vc_tab][\/vc_tabs][vc_empty_space height=&#8221;80px&#8221;][\/vc_column][vc_column width=&#8221;1\/3&#8243;][vc_single_image image=&#8221;27342&#8243; img_size=&#8221;full&#8221; add_caption=&#8221;yes&#8221; onclick=&#8221;link_image&#8221; qode_css_animation=&#8221;&#8221;][vc_empty_space height=&#8221;80px&#8221;][\/vc_column][\/vc_row][vc_row row_type=&#8221;row&#8221; use_row_as_full_screen_section=&#8221;no&#8221; type=&#8221;full_width&#8221; text_align=&#8221;left&#8221; background_animation=&#8221;none&#8221; css_animation=&#8221;&#8221;][vc_column width=&#8221;2\/3&#8243;][vc_column_text]<\/p>\n<div class=\"page\" title=\"Page 2\">\n<div class=\"layoutArea\">\n<div class=\"column\">\n<h3><strong>About the book<\/strong><\/h3>\n<\/div>\n<\/div>\n<\/div>\n<p>[\/vc_column_text][vc_empty_space height=&#8221;40px&#8221;][vc_column_text]<strong>&#8220;Alto, Baixo, num\u00a0<\/strong><b>Sussurro<\/b><\/p>\n<p>by Romana Romanyshyn and Andriy Lesiv<\/p>\n<p>BOLOGNA RAGGAZZI AWARD 2018 | non-fiction<\/p>\n<p>&nbsp;<\/p>\n<blockquote><p>\u201cWhere is music born? What is a decibel? What does an acoustic engineer, a DJ or a sound designer do? How do people who cannot hear any sound communicate? Here is the illustrated encyclopedia that today&#8217;s readers, students, teachers or just lovers of music and the invisible world of sounds were missing. Alto, Baixo, Num Sussurro tells us about the different sounds that exist, but also about the importance of silence, and of listening and listening to the other. Often without using words.\u201d<\/p><\/blockquote>\n<p>&nbsp;<\/p>\n<p><strong>ORIGINAL TITLE<\/strong> \u0433\u043e\u043b\u043e\u0441\u043d\u043e, \u0442\u0438\u0445\u043e, \u043f\u043e\u0448\u0435\u043f\u043a\u0438 \/ Loudly, Soflty, in a Whisper<\/p>\n<p><strong>TRANSLATION<\/strong> <strong>FROM<\/strong> <strong>ENGLISH<\/strong> Jo\u00e3o Berhan<\/p>\n<p><strong>COLLECTION<\/strong> Orfeu Mini<\/p>\n<p><strong>EDITION<\/strong> <strong>YEAR<\/strong> 2018 | <strong>PP<\/strong> No. 64 | <strong>FORMAT<\/strong> 26.5 x 28.5 cm | <strong>EAN<\/strong> 978989886833[\/vc_column_text][vc_empty_space height=&#8221;80px&#8221;][\/vc_column][vc_column width=&#8221;1\/3&#8243;][vc_single_image image=&#8221;26247&#8243; img_size=&#8221;full&#8221; add_caption=&#8221;yes&#8221; onclick=&#8221;custom_link&#8221; img_link_target=&#8221;_blank&#8221; qode_css_animation=&#8221;&#8221; link=&#8221;http:\/\/www.orfeunegro.org\/collections\/orfeu-mini\/products\/alto-baixo-num-sussurro&#8221;][vc_empty_space height=&#8221;40px&#8221;][vc_btn title=&#8221;Buy the book&#8221; style=&#8221;flat&#8221; shape=&#8221;square&#8221; color=&#8221;black&#8221; link=&#8221;url:https%3A%2F%2Fwww.orfeunegro.org%2Fcollections%2Forfeu-mini%2Fproducts%2Falto-baixo-num-sussurro|target:_blank&#8221;][vc_empty_space height=&#8221;80px&#8221;][\/vc_column][\/vc_row][vc_row row_type=&#8221;row&#8221; use_row_as_full_screen_section=&#8221;no&#8221; type=&#8221;full_width&#8221; text_align=&#8221;left&#8221; background_animation=&#8221;none&#8221; css_animation=&#8221;&#8221;][vc_column][vc_column_text]<\/p>\n<h3><b>Teachers<\/b><\/h3>\n<p>[\/vc_column_text][vc_empty_space height=&#8221;20px&#8221;][vc_accordion active_tab=&#8221;false&#8221; collapsible=&#8221;yes&#8221; style=&#8221;boxed_accordion&#8221;][vc_accordion_tab title=&#8221;Jo\u00e3o Pinto&#8221; title_color=&#8221;#000000&#8243; background_color=&#8221;#eeeeee&#8221;][vc_row_inner row_type=&#8221;row&#8221; type=&#8221;full_width&#8221; use_row_as_full_screen_section_slide=&#8221;no&#8221; text_align=&#8221;left&#8221; css_animation=&#8221;&#8221;][vc_column_inner width=&#8221;1\/3&#8243;][vc_single_image image=&#8221;26176&#8243; img_size=&#8221;full&#8221; add_caption=&#8221;yes&#8221; qode_css_animation=&#8221;&#8221;][\/vc_column_inner][vc_column_inner width=&#8221;2\/3&#8243;][vc_column_text]<strong>Jo\u00e3o Pinto<\/strong>,\u00a0(aka PTV), director, editor &amp; image manipulator.<\/p>\n<p>Completed the film school in 1993.<\/p>\n<p>With a path always linked to the image:<\/p>\n<p>&nbsp;<\/p>\n<ul>\n<li>He has collaborated with numerous creators in the field of contemporary dance, music, theater and cinema;<\/li>\n<li>He promoted his works and signed many original video creations;<\/li>\n<li>He carried out video art projects, documentaries and video clips;<\/li>\n<li>Pioneer of videojamming (VJ) from 1996 to the present.<\/li>\n<\/ul>\n<p>&nbsp;<\/p>\n<p>Participated in educational and innovative art projects in public schools:<\/p>\n<p>&nbsp;<\/p>\n<ul>\n<li>Respira Project (2009\/10);<\/li>\n<li>Arte Jovem: Video\/theatre workshops for children and teenagers (F\u00f3rum Dan\u00e7a 2003\/20) in partnership with Manuela Pedroso.<\/li>\n<\/ul>\n<p>&nbsp;<\/p>\n<p>He has worked on several development and social inclusion projects with minorities:<\/p>\n<p>&nbsp;<\/p>\n<ul>\n<li>Alkantara Festival and Calouste Gulbenkian Foundation 2008\/11.<\/li>\n<\/ul>\n<p>[\/vc_column_text][\/vc_column_inner][\/vc_row_inner][\/vc_accordion_tab][vc_accordion_tab title=&#8221;Manuela Pedroso&#8221; title_color=&#8221;#000000&#8243; background_color=&#8221;#eeeeee&#8221;][vc_row_inner row_type=&#8221;row&#8221; type=&#8221;full_width&#8221; use_row_as_full_screen_section_slide=&#8221;no&#8221; text_align=&#8221;left&#8221; css_animation=&#8221;&#8221;][vc_column_inner width=&#8221;1\/3&#8243;][vc_single_image image=&#8221;26066&#8243; img_size=&#8221;full&#8221; add_caption=&#8221;yes&#8221; qode_css_animation=&#8221;&#8221;][\/vc_column_inner][vc_column_inner width=&#8221;2\/3&#8243;][vc_column_text]<strong>Manuela Pedroso<\/strong>, graduated in Theater (Actors and Directors) by ESTC, in Lisbon. She attended the Dance Monitors for the Community Course organized by F\u00f3rum Dan\u00e7a, in 1992\/93.<\/p>\n<p>Trainer accredited by the Scientific Pedagogical Council for Continuing Education, University of Minho.<\/p>\n<p>She has worked since 1986 as a professional actress in several theater companies (Teatro Espa\u00e7o, Teatro da Malaposta, Teatro do S\u00e9culo, Teatro Meridional, Casa Conveniente, among others), having been directed by the following directors: \u00c1gueda Sena, Jos\u00e9 Martins, Figueira Cid, Rui Mendes , M\u00e1rio Feliciano, In\u00eas C\u00e2mara Pestana, Miguel Seabra, Layla Ripol, M\u00f3nica Calle, In\u00eas Barahona and Giacomo Scalisi.<\/p>\n<p>She participated as an interpreter in the area of \u200b\u200bDance in choreographic projects by Margarida Pinto Coelho, Paulo Henrique and Madalena Victorino.<\/p>\n<p>She has worked since 1991 as a trainer in the field of Theater and Creative Dance with several official entities promoting artistic education in Portugal: Primary and Secondary Schools, Professional School of Education for Development, Grupo de Teatro da Nova, Lisbon City Council, City Council de Cascais, C.E.N.T.A., Casa de Serralves, Forum Dan\u00e7a, Centro Cultural de Bel\u00e9m, A.P.C.C., Teatro Aveirense, Teatro Viriato, Artemrede.<\/p>\n<p>She has been working as a storyteller since 2003, collaborating with the Livraria &#8220;Ler para quer&#8221;, General Direction of Books and Libraries, Teatro Maria Matos, Casa das Hist\u00f3rias \u2013 Museu Paula Rego, among other institutions.[\/vc_column_text][\/vc_column_inner][\/vc_row_inner][\/vc_accordion_tab][vc_accordion_tab title=&#8221;Maria Radich&#8221; title_color=&#8221;#000000&#8243; background_color=&#8221;#eeeeee&#8221;][vc_row_inner row_type=&#8221;row&#8221; type=&#8221;full_width&#8221; use_row_as_full_screen_section_slide=&#8221;no&#8221; text_align=&#8221;left&#8221; css_animation=&#8221;&#8221;][vc_column_inner width=&#8221;1\/3&#8243;][vc_single_image image=&#8221;26174&#8243; img_size=&#8221;full&#8221; add_caption=&#8221;yes&#8221; qode_css_animation=&#8221;&#8221;][\/vc_column_inner][vc_column_inner width=&#8221;2\/3&#8243;][vc_column_text]<strong>Maria Radich<\/strong> is a singer, choreographer and dancer devoted to transdisciplinarity, who has been working in the field of improvised music, working simultaneously in dance and theater, as a choreographer for her own shows or working with other creators.<\/p>\n<p>With a background in performance, dance and choreography, she gradually began to explore the fertile intersections between dance, music and theatre.<\/p>\n<p>She attended music workshops with Nuno Rebelo, Carlos Z\u00edngaro, Jos\u00e9 Menezes and Paulo Curado, singing lessons with Cristina de Castro (2004) and Barbara do Canto Lagido (2006) and voice workshops with specialists such as Ute Wassermann, In\u00eas Nogueira, Lu\u00eds Castanheira , Margarida Mestre and Sonia G\u00f3mez.[\/vc_column_text][\/vc_column_inner][\/vc_row_inner][\/vc_accordion_tab][vc_accordion_tab title=&#8221;Nuno Cintr\u00e3o&#8221; title_color=&#8221;#000000&#8243; background_color=&#8221;#eeeeee&#8221;][vc_row_inner row_type=&#8221;row&#8221; type=&#8221;full_width&#8221; use_row_as_full_screen_section_slide=&#8221;no&#8221; text_align=&#8221;left&#8221; css_animation=&#8221;&#8221;][vc_column_inner width=&#8221;1\/3&#8243;][vc_single_image image=&#8221;26064&#8243; img_size=&#8221;full&#8221; add_caption=&#8221;yes&#8221; qode_css_animation=&#8221;&#8221;][\/vc_column_inner][vc_column_inner width=&#8221;2\/3&#8243;][vc_column_text]<strong>Nuno Cintr\u00e3o<\/strong>, Musician, Guitarist, Composer, Performer. He divides his professional activity between performance and education.\u00a0Its artistic and pedagogical activity has been guided by the search for points of contact between different forms of artistic and creative expression and the realization of projects in different contexts.<\/p>\n<p>He is interested in the experimentation and construction of sound objects and the design of collaborative and multidisciplinary shows. He has a degree in classical guitar from the Escola Superior de M\u00fasica de Lisboa and in Music Education from the Escola Superior de Educa\u00e7\u00e3o de Lisboa.\u00a0In 2017 he completed the Master in Music Teaching at ISEIT-Almada.<\/p>\n<p>Throughout his career he has had the opportunity to collaborate with artists from different areas of artistic expression. Since 2010, he has been composing music for theater, video and dance, having collaborated with several companies and artists. Of these collaborations, Byfurca\u00e7\u00e3o Teatro, Companhia da Esquina, Musgo, Cr\u00e9me de La Cr\u00e9me and Aldara Bizarro stand out.<\/p>\n<p>He has conceived and performed workshops, training courses and shows with various entities, including: F\u00e1brica das Artes-CCB, Funda\u00e7\u00e3o Calouste Gulbenkian, Associa\u00e7\u00e3o Portuguesa de M\u00fasica nos Hospitals, F\u00f3rum Dan\u00e7a, Funda\u00e7\u00e3o do Gil, Opera\u00e7\u00e3o Nariz Vermelho, CFMI-Universidade March Bloch Strasbourg, APEM-Portuguese Association of Music Education.<\/p>\n<p>He was part of the project &#8220;Music in Hospitals&#8221; with which he worked as a musician and trainer until 2013, performing musical interventions in Hospitals and different social institutions.<\/p>\n<p>He divides his interest between the guitar and other sound objects, looking for his musical language in the universe of improvised and experimental music, passing through world music, classical, jazz and rock.<\/p>\n<p>As a guitarist he has collaborated with different projects, among which are: Trama, Ana Barroso and more recently with Teresa Salgueiro (ex-Madredeus).<\/p>\n<p>In addition to Portugal, he had the opportunity to present his projects in Cape Verde, Macau, Belgium, Hungary, Germany, Brazil, Italy and Spain.[\/vc_column_text][\/vc_column_inner][\/vc_row_inner][\/vc_accordion_tab][\/vc_accordion][vc_empty_space height=&#8221;80px&#8221;][\/vc_column][\/vc_row]<\/p>\n<\/div>","protected":false},"excerpt":{"rendered":"<p>ARTE JOVEM 2022 | Forum Dan\u00e7a, de 4 a 8 de Julho | Crian\u00e7as\/Jovens (7-12 anos).<\/p>\n","protected":false},"author":15,"featured_media":27345,"comment_status":"closed","ping_status":"closed","sticky":false,"template":"","format":"standard","meta":{"footnotes":""},"categories":[335,269,7,311],"tags":[],"class_list":["post-28875","post","type-post","status-publish","format-standard","has-post-thumbnail","hentry","category-artejovem-en","category-blog-en","category-agenda-en","category-highlights"],"_links":{"self":[{"href":"https:\/\/www.forumdanca.pt\/en\/wp-json\/wp\/v2\/posts\/28875","targetHints":{"allow":["GET"]}}],"collection":[{"href":"https:\/\/www.forumdanca.pt\/en\/wp-json\/wp\/v2\/posts"}],"about":[{"href":"https:\/\/www.forumdanca.pt\/en\/wp-json\/wp\/v2\/types\/post"}],"author":[{"embeddable":true,"href":"https:\/\/www.forumdanca.pt\/en\/wp-json\/wp\/v2\/users\/15"}],"replies":[{"embeddable":true,"href":"https:\/\/www.forumdanca.pt\/en\/wp-json\/wp\/v2\/comments?post=28875"}],"version-history":[{"count":0,"href":"https:\/\/www.forumdanca.pt\/en\/wp-json\/wp\/v2\/posts\/28875\/revisions"}],"wp:featuredmedia":[{"embeddable":true,"href":"https:\/\/www.forumdanca.pt\/en\/wp-json\/wp\/v2\/media\/27345"}],"wp:attachment":[{"href":"https:\/\/www.forumdanca.pt\/en\/wp-json\/wp\/v2\/media?parent=28875"}],"wp:term":[{"taxonomy":"category","embeddable":true,"href":"https:\/\/www.forumdanca.pt\/en\/wp-json\/wp\/v2\/categories?post=28875"},{"taxonomy":"post_tag","embeddable":true,"href":"https:\/\/www.forumdanca.pt\/en\/wp-json\/wp\/v2\/tags?post=28875"}],"curies":[{"name":"wp","href":"https:\/\/api.w.org\/{rel}","templated":true}]}}