{"id":28849,"date":"2023-05-19T23:53:14","date_gmt":"2023-05-19T22:53:14","guid":{"rendered":"https:\/\/www.forumdanca.pt\/?p=28849"},"modified":"2025-03-06T17:16:05","modified_gmt":"2025-03-06T17:16:05","slug":"introductory-workshop-to-sensitive-dance","status":"publish","type":"post","link":"https:\/\/www.forumdanca.pt\/en\/introductory-workshop-to-sensitive-dance\/","title":{"rendered":"Introductory Workshop <br>to Sensitive Dance"},"content":{"rendered":"<div class=\"wpb-content-wrapper\"><p>[vc_row row_type=&#8221;row&#8221; use_row_as_full_screen_section=&#8221;no&#8221; type=&#8221;full_width&#8221; text_align=&#8221;left&#8221; background_animation=&#8221;none&#8221; css_animation=&#8221;&#8221;][vc_column][vc_column_text]<\/p>\n<h3><strong>With Francesca Bertozzi and Claude Coldy<\/strong><\/h3>\n<h4><strong>20 to 24 of september 2023<\/strong><\/h4>\n<p>[\/vc_column_text][vc_empty_space][\/vc_column][\/vc_row][vc_row row_type=&#8221;row&#8221; use_row_as_full_screen_section=&#8221;no&#8221; type=&#8221;full_width&#8221; text_align=&#8221;left&#8221; background_animation=&#8221;none&#8221; css_animation=&#8221;&#8221;][vc_column][vc_column_text]<\/p>\n<h4><strong>An original somatic movement practice by Claude Coldy<\/strong><\/h4>\n<p>&nbsp;<\/p>\n<p>This is a workshop for letting us explore the fundamentals of Sensitive Dance, where the relationship with one&#8217;s own body and with another person is the central element to the work we will do.<\/p>\n<p>&nbsp;<\/p>\n<p>Sensitive Dance is a practice which, through conscious movement, leads to greater awareness of oneself, one&#8217;s own body, and one&#8217;s perceptions and emotions. It is a practice that invites you to listen deeply to your body&#8217;s messages, and which gives access to unexpected, spontaneous responses, refreshing them with new qualities and possibilities of movement.<\/p>\n<p>&nbsp;<\/p>\n<p>This practice proposes to revisit some fundamental stages of evolution through a phylogenetic path, consciously reliving various stages of the process of verticalization of the human being, to rediscover the meaning and potential contained in the form and structure of our bodies. Breathing, seeing, sensitive listening, and touching are some of the practices of Sensitive Dance. They allow us to welcome what is born in the density of our bodies and make its authentic quality tangible.<\/p>\n<p>&nbsp;<\/p>\n<p>We will be guided to care for and deepen the discovery of movement, to express the dance of the present moment, creating a new language through a dynamic dialogue between breathing, feeling, internal movement and external movement. Sensitive Dance is a fundamental training for building the presence of the performative body, integrating movement and creation practices. It is an invitation to orient oneself in a changing of one\u2019s internal paradigm, in which the performing artist enters full realization of himself through his art. Inhabited in this way, the artistic creation becomes an intimate and timeless space that the artist shares with the public, and to whom he offers his vision and his emotions within the scenic space.<\/p>\n<p>&nbsp;<\/p>\n<p>Foto \u00a9 Andrea Macchia[\/vc_column_text][vc_empty_space height=&#8221;80px&#8221;][vc_video link=&#8221;https:\/\/youtu.be\/MxW_k4x-H1g&#8221; el_width=&#8221;70&#8243; align=&#8221;center&#8221;][vc_empty_space height=&#8221;80px&#8221;][\/vc_column][\/vc_row][vc_row row_type=&#8221;row&#8221; use_row_as_full_screen_section=&#8221;no&#8221; type=&#8221;full_width&#8221; text_align=&#8221;left&#8221; background_animation=&#8221;none&#8221; css_animation=&#8221;&#8221;][vc_column][vc_column_text]<\/p>\n<h3><b>General Information<\/b><\/h3>\n<p>[\/vc_column_text][vc_empty_space height=&#8221;20px&#8221;][vc_column_text]<strong>This Laboratory is being promoted by Francesca Bertozzi and is supported and hosted by Forum Dan\u00e7a.<\/strong><\/p>\n<p>&nbsp;<\/p>\n<p><strong>People for whom it is intended:\u00a0<\/strong>The laboratory is aimed at dance and theatre students and professionals, and people with solid experience in researching movement practices.<\/p>\n<p>&nbsp;<\/p>\n<p><strong>Maximum number of participants:<\/strong> 20 people.<\/p>\n<p>&nbsp;<\/p>\n<p><strong>Schedules<\/strong><\/p>\n<ul>\n<li>September 20, 21, 22, from 14:00 to 18:00 (Wednesday to Friday &#8211; 12 hours);<\/li>\n<li>September 23, 24 from 10 am to 6 pm (Saturday and Sunday \u2013 16 hours)<\/li>\n<li>It is mandatory to be available to attend the laboratory every day it takes place &#8211; total duration: 28 hours.<\/li>\n<\/ul>\n<p>&nbsp;<\/p>\n<p><strong>Fee:\u00a0<\/strong>75,00 \u20ac (seventy five euros).<\/p>\n<p><strong>Venue:\u00a0<\/strong>Forum Dan\u00e7a \/\u00a0Espa\u00e7o da Penha | Travessa do Calado, 26B, 1170-070 Lisboa.[\/vc_column_text][vc_empty_space height=&#8221;80px&#8221;][\/vc_column][\/vc_row][vc_row row_type=&#8221;row&#8221; use_row_as_full_screen_section=&#8221;no&#8221; type=&#8221;full_width&#8221; text_align=&#8221;left&#8221; background_animation=&#8221;none&#8221; css_animation=&#8221;&#8221;][vc_column][vc_column_text]<\/p>\n<h3><b>Applications<\/b><\/h3>\n<p>[\/vc_column_text][vc_empty_space height=&#8221;20px&#8221;][vc_column_text]The application is made using the form available on our website, at the end of this page.<\/p>\n<p>If you are one of the selected people, only after receiving proof of payment, which you must send to our email, will your registration be considered validated.[\/vc_column_text][vc_empty_space height=&#8221;20px&#8221;][vc_column_text]<\/p>\n<div class=\"wpb_text_column wpb_content_element \">\n<div class=\"wpb_wrapper\">\n<p><strong style=\"color: #000000; font-size: 18px;\">Application process<\/strong><\/p>\n<\/div>\n<ol>\n<li>Make your application online using the form indicated for this purpose, until the <strong>21st of July<\/strong>;<\/li>\n<li>Do not forget to attach your curriculum vitae in <strong>pdf format<\/strong> to the form;<\/li>\n<li>All selected people will be contacted by <strong>July 31st<\/strong>;<\/li>\n<li>Wait for our email indicating that you were one of the people selected to attend this lab, along with payment instructions;<\/li>\n<li>Proceed to pay your registration, as indicated in the email sent, by the <strong>7th of August<\/strong>;<\/li>\n<li>Send us the respective proof of payment to our email;<\/li>\n<li>Your participation in the laboratory is only validated after receipt of proof of payment.<\/li>\n<\/ol>\n<\/div>\n<p>[\/vc_column_text][vc_empty_space height=&#8221;80px&#8221;][\/vc_column][\/vc_row][vc_row row_type=&#8221;row&#8221; use_row_as_full_screen_section=&#8221;no&#8221; type=&#8221;full_width&#8221; text_align=&#8221;left&#8221; background_animation=&#8221;none&#8221; css_animation=&#8221;&#8221;][vc_column][vc_column_text]<\/p>\n<h3><strong>Bios<\/strong><\/h3>\n<p>[\/vc_column_text][vc_empty_space height=&#8221;20px&#8221;][vc_row_inner row_type=&#8221;row&#8221; type=&#8221;full_width&#8221; use_row_as_full_screen_section_slide=&#8221;no&#8221; text_align=&#8221;left&#8221; css_animation=&#8221;&#8221;][vc_column_inner width=&#8221;1\/3&#8243;][vc_single_image image=&#8221;28781&#8243; img_size=&#8221;250&#215;334&#8243; add_caption=&#8221;yes&#8221; qode_css_animation=&#8221;&#8221;][\/vc_column_inner][vc_column_inner width=&#8221;2\/3&#8243;][vc_column_text]<strong>Francesca Bertozzi<\/strong>. Dancer, performer and trainer. Graduated from the Escola Superior de Dan\u00e7a de Lisboa, in 2004. In 2020, she concluded her training in Sensitive Dance, a method that integrates experiences of conscious movement with elements of osteopathy, in Italy, under the direction of Claude Coldy.<\/p>\n<p>As a dancer and performer, she worked with: Victor Hugo Pontes, Tiago Guedes, In\u00eas Jacques and M\u00e3o Morta, Beatriz Cantinho and Ricardo Jacinto, Arte P\u00fablica de Beja; Gon\u00e7alo Lobato Ferreira; Ana Martins, Dan\u00e7arte, Maria Jo\u00e3o Costa Espinho, Linda Valadas.<\/p>\n<p>As an actress and dancer, she performed, in the main role of In\u00eas, the immersive theatre show \u201cE Morreram Felizes Para Sempre\u201d (2015) by Nuno Moreira, staged by Ana Padr\u00e3o and movement direction by Catarina Trota.<\/p>\n<p>In 2021, she directed a group movement that integrates the performance \u201cIn Solitaria\u201d by and with Claudio Gasparotto and musician Fabio Mina.<br \/>\nShe is the interpreter and choreographer of the solos: \u201cNaufrago\u201d and \u201cPensando a Of\u00e9lia\u201d. Since 2016 she has been working as a choreographer with the Almada Theatre Company in the plays: \u201cO Feio\u201d,\u201cNoite da Liberdade\u201d, \u201cBonecos de Luz\u201d and \u201cMigrantes\u201d.<\/p>\n<p>She has collaborated as a trainer with: Ar.Co, Festival Materiais Diverse, F.O.R., Teatro Maria Matos, Inimpetus, Quinta Ten-Chi, among others.<br \/>\nIn parallel with her artistic projects, she has been developing pedagogical activities as a trainer, teaching classes and laboratories in contemporary dance, creative dance, movement for actors, somatic movement practices in the studio and in nature.<\/p>\n<p>&nbsp;<\/p>\n<p><strong>More info at:<\/strong> <a href=\"https:\/\/francescabertozzi.weebly.com\" target=\"_blank\" rel=\"noopener\">www.francescabertozzi.weebly.com<\/a>[\/vc_column_text][\/vc_column_inner][\/vc_row_inner][vc_empty_space height=&#8221;80px&#8221;][vc_row_inner row_type=&#8221;row&#8221; type=&#8221;full_width&#8221; use_row_as_full_screen_section_slide=&#8221;no&#8221; text_align=&#8221;left&#8221; css_animation=&#8221;&#8221;][vc_column_inner width=&#8221;1\/3&#8243;][vc_single_image image=&#8221;28779&#8243; img_size=&#8221;250&#215;334&#8243; add_caption=&#8221;yes&#8221; qode_css_animation=&#8221;&#8221;][\/vc_column_inner][vc_column_inner width=&#8221;2\/3&#8243;][vc_column_text]<strong>Claude Coldy<\/strong>. Trained from the age of 20 in classical contemporary dance and jazz in Paris, he also trained as an actor and has taken part in various theatre, television, and cinematic performances, as well as participating in international dance festivals.<\/p>\n<p>Since 1982, he has concentrated on choreography and teaching, founding the Arbalete company of Genoa, which toured through Europe. In 1990, he created Sensitive Dance\u00ae with Jean Louis and Marie Dupuy, French osteopaths.<\/p>\n<p>He has since dedicated himself to teaching and spreading Sensitive Dance\u00ae, mainly in Europe, collaborating with such institutions as L\u2019Arboreto-Teatro Dimora Mondaino, Centro Internazionale per la Danza (CID), ICTGDS Bruxelles, and Wolfagang Universit\u00e4t Essen. He also conducts seminars in the studio and in the middle of nature: in the forest, among olive groves, in the desert, and by the sea. Since 2000, he has been teaching new generations of Sensitive Dance instructors.<\/p>\n<p>&nbsp;<\/p>\n<p><strong>Mais informa\u00e7\u00f5es:<\/strong> <a href=\"https:\/\/www.danzasensibile.com\/en\/\" target=\"_blank\" rel=\"noopener\">www.danzasensibile.com<\/a>[\/vc_column_text][\/vc_column_inner][\/vc_row_inner][vc_empty_space height=&#8221;80px&#8221;][\/vc_column][\/vc_row][vc_row row_type=&#8221;row&#8221; use_row_as_full_screen_section=&#8221;no&#8221; type=&#8221;full_width&#8221; text_align=&#8221;left&#8221; background_animation=&#8221;none&#8221; css_animation=&#8221;&#8221;][vc_column][vc_column_text]<\/p>\n<h2><strong>Application form<\/strong><\/h2>\n<p>[\/vc_column_text][vc_empty_space height=&#8221;40px&#8221;][vc_column_text css=&#8221;&#8221;]Registrations are closed.[\/vc_column_text][vc_empty_space height=&#8221;80px&#8221;][\/vc_column][\/vc_row]<\/p>\n<\/div>","protected":false},"excerpt":{"rendered":"<p>Laborat\u00f3rio de Introdu\u00e7\u00e3o \u00e0 Dan\u00e7a Sens\u00edvel, com Francesca Bertozzi e Claude Coldy. De 20 a 24 setembro 2023 no Forum Dan\u00e7a.<\/p>\n","protected":false},"author":15,"featured_media":28777,"comment_status":"closed","ping_status":"closed","sticky":false,"template":"","format":"standard","meta":{"footnotes":""},"categories":[269,7,311,271],"tags":[],"class_list":["post-28849","post","type-post","status-publish","format-standard","has-post-thumbnail","hentry","category-blog-en","category-agenda-en","category-highlights","category-workshops-en"],"_links":{"self":[{"href":"https:\/\/www.forumdanca.pt\/en\/wp-json\/wp\/v2\/posts\/28849","targetHints":{"allow":["GET"]}}],"collection":[{"href":"https:\/\/www.forumdanca.pt\/en\/wp-json\/wp\/v2\/posts"}],"about":[{"href":"https:\/\/www.forumdanca.pt\/en\/wp-json\/wp\/v2\/types\/post"}],"author":[{"embeddable":true,"href":"https:\/\/www.forumdanca.pt\/en\/wp-json\/wp\/v2\/users\/15"}],"replies":[{"embeddable":true,"href":"https:\/\/www.forumdanca.pt\/en\/wp-json\/wp\/v2\/comments?post=28849"}],"version-history":[{"count":0,"href":"https:\/\/www.forumdanca.pt\/en\/wp-json\/wp\/v2\/posts\/28849\/revisions"}],"wp:featuredmedia":[{"embeddable":true,"href":"https:\/\/www.forumdanca.pt\/en\/wp-json\/wp\/v2\/media\/28777"}],"wp:attachment":[{"href":"https:\/\/www.forumdanca.pt\/en\/wp-json\/wp\/v2\/media?parent=28849"}],"wp:term":[{"taxonomy":"category","embeddable":true,"href":"https:\/\/www.forumdanca.pt\/en\/wp-json\/wp\/v2\/categories?post=28849"},{"taxonomy":"post_tag","embeddable":true,"href":"https:\/\/www.forumdanca.pt\/en\/wp-json\/wp\/v2\/tags?post=28849"}],"curies":[{"name":"wp","href":"https:\/\/api.w.org\/{rel}","templated":true}]}}