{"id":27533,"date":"2022-07-06T09:36:51","date_gmt":"2022-07-06T08:36:51","guid":{"rendered":"https:\/\/www.forumdanca.pt\/?p=27533"},"modified":"2022-09-09T19:25:53","modified_gmt":"2022-09-09T18:25:53","slug":"10-works","status":"publish","type":"post","link":"https:\/\/www.forumdanca.pt\/en\/10-works\/","title":{"rendered":"10 Works"},"content":{"rendered":"<div class=\"wpb-content-wrapper\"><p>[vc_row row_type=&#8221;row&#8221; use_row_as_full_screen_section=&#8221;no&#8221; type=&#8221;full_width&#8221; text_align=&#8221;left&#8221; background_animation=&#8221;none&#8221; css_animation=&#8221;&#8221;][vc_column][vc_column_text]<\/p>\n<div class=\"wpb_text_column wpb_content_element \">\n<div class=\"wpb_wrapper\">\n<h3><strong>Forum Dan\u00e7a \/ PACAP 5\u00a0<\/strong><\/h3>\n<\/div>\n<\/div>\n<div class=\"wpb_text_column wpb_content_element \">\n<div class=\"wpb_wrapper\">\n<h4>15-24 July | TBA-Teatro do Bairro Alto<\/h4>\n<\/div>\n<\/div>\n<div class=\"wpb_text_column wpb_content_element \">\n<div class=\"wpb_wrapper\">\n<p><b>FREE ENTRANCE |\u00a0<\/b>More information at Teatro do Bairro Alto website, <a href=\"https:\/\/teatrodobairroalto.pt\/en\/show\/ten-works-by-pacap-5-pacap-5-20220715\/\" target=\"_blank\" rel=\"noopener\">here<\/a><\/p>\n<\/div>\n<\/div>\n<p>[\/vc_column_text][vc_empty_space height=&#8221;40px&#8221;][\/vc_column][\/vc_row][vc_row row_type=&#8221;row&#8221; use_row_as_full_screen_section=&#8221;no&#8221; type=&#8221;full_width&#8221; text_align=&#8221;left&#8221; background_animation=&#8221;none&#8221; css_animation=&#8221;&#8221;][vc_column][vc_column_text]After <em>R|EXIST\u00caNCIA<\/em> last December, PACAP 5 \u2013 an artistic training programme by Forum Dan\u00e7a curated by Jo\u00e3o Fiadeiro \u2013 returns to TBA to present the individual projects of the students\/researchers. They will use the tools developed and tested in the early stages of the course, attempting to match the initial question-affect with this public gesture. It is often only when the gesture is concluded and becomes public that we clearly see if what we have said\/done is exactly what we wanted to say\/do. It rarely is. And that is a good thing.[\/vc_column_text][vc_empty_space height=&#8221;40px&#8221;][\/vc_column][\/vc_row][vc_row row_type=&#8221;row&#8221; use_row_as_full_screen_section=&#8221;no&#8221; type=&#8221;full_width&#8221; text_align=&#8221;left&#8221; background_animation=&#8221;none&#8221; css_animation=&#8221;&#8221;][vc_column][vc_separator type=&#8221;full_width&#8221; border_style=&#8221;&#8221; thickness=&#8221;2&#8243; down=&#8221;40&#8243; color=&#8221;#000000&#8243;][vc_column_text]<strong>Conception<\/strong> Andrei Bessa, Bruno Levorin, Francisco Thiago, Katarina Lanier, Leonor Lopes, Leonor Mendes, Nazario D\u00edaz, Nicole Gomes, Roberto Dag\u00f4, Ves Liberta<br \/>\n<strong>Artistic counsel<\/strong> Jo\u00e3o Fiadeiro, Carolina Campos and Daniel Pizamiglio<br \/>\n<strong>Light<\/strong> design Leticia Skrycky e Santiago Rodriguez Tricot<br \/>\n<strong>Technical direction<\/strong> Leticia Skrycky and Santiago Rodriguez Tricot<br \/>\n<strong>Produced by<\/strong> Forum Dan\u00e7a<br \/>\n<strong>Coproduced by<\/strong> Teatro do Bairro Alto<br \/>\n<strong>Photography<\/strong> Lucas Damiani[\/vc_column_text][vc_empty_space height=&#8221;40px&#8221;][\/vc_column][\/vc_row][vc_row row_type=&#8221;row&#8221; use_row_as_full_screen_section=&#8221;no&#8221; type=&#8221;full_width&#8221; text_align=&#8221;left&#8221; background_animation=&#8221;none&#8221; css_animation=&#8221;&#8221;][vc_column][vc_separator type=&#8221;full_width&#8221; border_style=&#8221;&#8221; thickness=&#8221;2&#8243; down=&#8221;40&#8243; color=&#8221;#000000&#8243;][vc_column_text]<strong>DATE AND PLACE OF PRESENTATION<\/strong><br \/>\nTeatro do Bairro Alto<\/p>\n<p>Fri 15, Sat 16 and Sun 17 Jul<br \/>\nFri 22, Sat 23 and Sun 24 Jul<\/p>\n<p>Times to be announced<\/p>\n<p>More info about TBA-Teatro do Bairro Alto <strong><a href=\"https:\/\/teatrodobairroalto.pt\/informacoes\/\" target=\"_blank\" rel=\"noopener\">here<\/a><\/strong>[\/vc_column_text][vc_empty_space height=&#8221;40px&#8221;][\/vc_column][\/vc_row][vc_row row_type=&#8221;row&#8221; use_row_as_full_screen_section=&#8221;no&#8221; type=&#8221;full_width&#8221; text_align=&#8221;left&#8221; background_animation=&#8221;none&#8221; css_animation=&#8221;&#8221;][vc_column][vc_separator type=&#8221;full_width&#8221; border_style=&#8221;&#8221; thickness=&#8221;2&#8243; down=&#8221;40&#8243; color=&#8221;#000000&#8243;][vc_column_text]<\/p>\n<h4><strong>PROGRAME\u00a0<\/strong><\/h4>\n<p>[\/vc_column_text][vc_empty_space height=&#8221;20px&#8221;][vc_column_text]<\/p>\n<h4><strong>July 15\/16\/17<\/strong><\/h4>\n<p><strong>Katarina Lanier (US)<\/strong> &#8211; <em>Call Me Three Times<\/em> | 35&#8242;<\/p>\n<p><strong>Leonor Lopes (PT)<\/strong> &#8211; <em>FEARFANFIC<\/em> | 40&#8242;<\/p>\n<p><strong>Leonor Mendes (PT)<\/strong> &#8211; <em>at\u00e9 amanh\u1ebd<\/em> | 35&#8242;<\/p>\n<p><strong>Nazario D\u00edaz (ES)<\/strong> &#8211; <em>Amanecer. Alto. Cielo.<\/em> | 55&#8242;<\/p>\n<p><strong>Nicole Gomes (BR)<\/strong> &#8211; <em>Cinza<\/em> | 60&#8242;[\/vc_column_text][vc_empty_space height=&#8221;40px&#8221;][vc_column_text]<\/p>\n<h4><strong>July 22\/23\/24<\/strong><\/h4>\n<h4><\/h4>\n<p><strong>Andrei Bessa (BR)<\/strong> &#8211; <em>Projeto Urso-Unic\u00f3rnio<\/em> | 35&#8242;<\/p>\n<p><strong>Bruno Levorin (BR)<\/strong> &#8211; <em>olhar para os olhos de quem anda<\/em> | 50&#8242;<\/p>\n<p><strong>Francisco Thiago (BR)<\/strong> &#8211; <em>TAMB\u00c9M SE MATAM CAVALOS<\/em> | 60&#8242;<\/p>\n<p><strong>Roberto Dag\u00f4 (BR)<\/strong> &#8211; <em>TEMPESTADE EM CORPO D\u2019\u00c1GUA<\/em> | 35&#8242;<\/p>\n<p><strong>Ves Liberta (PT)<\/strong> &#8211; <em>enquanto me lago<\/em> | 45&#8242;<\/p>\n<p>&nbsp;<\/p>\n<p>For more information and timetables, consult the TBA-Teatro do Bairro Alto website.[\/vc_column_text][vc_empty_space height=&#8221;40px&#8221;][\/vc_column][\/vc_row][vc_row row_type=&#8221;row&#8221; use_row_as_full_screen_section=&#8221;no&#8221; type=&#8221;full_width&#8221; text_align=&#8221;left&#8221; background_animation=&#8221;none&#8221; css_animation=&#8221;&#8221;][vc_column offset=&#8221;vc_hidden-lg vc_hidden-md vc_hidden-sm vc_hidden-xs&#8221;][vc_separator type=&#8221;full_width&#8221; border_style=&#8221;&#8221; thickness=&#8221;2&#8243; down=&#8221;40&#8243; color=&#8221;#000000&#8243;][vc_column_text]<\/p>\n<h3>10 Trabalhos | PACAP 5 &#8211; Bloco III<\/h3>\n<p>[\/vc_column_text][vc_empty_space height=&#8221;40px&#8221;][vc_basic_grid post_type=&#8221;post&#8221; max_items=&#8221;-1&#8243; element_width=&#8221;2&#8243; gap=&#8221;15&#8243; order=&#8221;ASC&#8221; item=&#8221;23141&#8243; initial_loading_animation=&#8221;none&#8221; grid_id=&#8221;vc_gid:1657103434425-327ac751-f87f-0&#8243; taxonomies=&#8221;422&#8243;][vc_empty_space height=&#8221;40px&#8221;][\/vc_column][\/vc_row][vc_row row_type=&#8221;row&#8221; use_row_as_full_screen_section=&#8221;no&#8221; type=&#8221;full_width&#8221; text_align=&#8221;left&#8221; background_animation=&#8221;none&#8221; css_animation=&#8221;&#8221;][vc_column][vc_separator type=&#8221;full_width&#8221; border_style=&#8221;&#8221; thickness=&#8221;2&#8243; down=&#8221;40&#8243; color=&#8221;#000000&#8243;][vc_column_text]<\/p>\n<h3>PACAP 5 Activities<\/h3>\n<p>[\/vc_column_text][vc_empty_space height=&#8221;40px&#8221;][vc_basic_grid post_type=&#8221;post&#8221; max_items=&#8221;-1&#8243; style=&#8221;pagination&#8221; items_per_page=&#8221;8&#8243; element_width=&#8221;3&#8243; gap=&#8221;15&#8243; item=&#8221;23141&#8243; initial_loading_animation=&#8221;none&#8221; grid_id=&#8221;vc_gid:1657103434426-3afdfc3f-aa49-4&#8243; taxonomies=&#8221;168&#8243;][vc_empty_space height=&#8221;40px&#8221;][\/vc_column][\/vc_row][vc_row row_type=&#8221;row&#8221; use_row_as_full_screen_section=&#8221;no&#8221; type=&#8221;full_width&#8221; text_align=&#8221;left&#8221; background_animation=&#8221;none&#8221; css_animation=&#8221;&#8221;][vc_column][vc_separator type=&#8221;full_width&#8221; border_style=&#8221;&#8221; thickness=&#8221;2&#8243; down=&#8221;40&#8243; color=&#8221;#000000&#8243;][vc_column_text]<\/p>\n<h3>Support and Partnerships<\/h3>\n<p><strong>Coproduction PACAP 5:\u00a0<\/strong>TBA-Teatro do Bairro Alto<\/p>\n<p><strong>PACAP 5 support: <\/strong>O Rumo do Fumo, Alkantara, OPART | Est\u00fadios Victor C\u00f3rdon, O Espa\u00e7o do Tempo, Funda\u00e7\u00e3o GDA, Piscina[\/vc_column_text][vc_empty_space height=&#8221;20px&#8221;][vc_row_inner row_type=&#8221;row&#8221; type=&#8221;full_width&#8221; use_row_as_full_screen_section_slide=&#8221;no&#8221; text_align=&#8221;left&#8221; css_animation=&#8221;&#8221;][vc_column_inner width=&#8221;1\/2&#8243;][vc_single_image image=&#8221;26243&#8243; img_size=&#8221;&#8221; qode_css_animation=&#8221;&#8221;][\/vc_column_inner][vc_column_inner width=&#8221;1\/2&#8243;][\/vc_column_inner][\/vc_row_inner][vc_empty_space height=&#8221;80px&#8221;][\/vc_column][\/vc_row]<\/p>\n<\/div>","protected":false},"excerpt":{"rendered":"<p>PACAP 5 final presentations at TBA from July 15 to 24.<\/p>\n","protected":false},"author":15,"featured_media":27472,"comment_status":"closed","ping_status":"closed","sticky":false,"template":"","format":"standard","meta":{"footnotes":""},"categories":[301,269,7,311,263],"tags":[],"class_list":["post-27533","post","type-post","status-publish","format-standard","has-post-thumbnail","hentry","category-advanced-training","category-blog-en","category-agenda-en","category-highlights","category-pacap5-en"],"_links":{"self":[{"href":"https:\/\/www.forumdanca.pt\/en\/wp-json\/wp\/v2\/posts\/27533","targetHints":{"allow":["GET"]}}],"collection":[{"href":"https:\/\/www.forumdanca.pt\/en\/wp-json\/wp\/v2\/posts"}],"about":[{"href":"https:\/\/www.forumdanca.pt\/en\/wp-json\/wp\/v2\/types\/post"}],"author":[{"embeddable":true,"href":"https:\/\/www.forumdanca.pt\/en\/wp-json\/wp\/v2\/users\/15"}],"replies":[{"embeddable":true,"href":"https:\/\/www.forumdanca.pt\/en\/wp-json\/wp\/v2\/comments?post=27533"}],"version-history":[{"count":0,"href":"https:\/\/www.forumdanca.pt\/en\/wp-json\/wp\/v2\/posts\/27533\/revisions"}],"wp:featuredmedia":[{"embeddable":true,"href":"https:\/\/www.forumdanca.pt\/en\/wp-json\/wp\/v2\/media\/27472"}],"wp:attachment":[{"href":"https:\/\/www.forumdanca.pt\/en\/wp-json\/wp\/v2\/media?parent=27533"}],"wp:term":[{"taxonomy":"category","embeddable":true,"href":"https:\/\/www.forumdanca.pt\/en\/wp-json\/wp\/v2\/categories?post=27533"},{"taxonomy":"post_tag","embeddable":true,"href":"https:\/\/www.forumdanca.pt\/en\/wp-json\/wp\/v2\/tags?post=27533"}],"curies":[{"name":"wp","href":"https:\/\/api.w.org\/{rel}","templated":true}]}}