{"id":26748,"date":"2022-04-07T20:00:28","date_gmt":"2022-04-07T19:00:28","guid":{"rendered":"https:\/\/www.forumdanca.pt\/?p=26748"},"modified":"2023-07-01T17:31:52","modified_gmt":"2023-07-01T16:31:52","slug":"pacap6","status":"publish","type":"post","link":"https:\/\/www.forumdanca.pt\/en\/pacap6\/","title":{"rendered":"PACAP 6 <br>2023"},"content":{"rendered":"<div class=\"wpb-content-wrapper\"><p>[vc_row row_type=&#8221;row&#8221; use_row_as_full_screen_section=&#8221;no&#8221; type=&#8221;grid&#8221; text_align=&#8221;left&#8221; background_animation=&#8221;none&#8221; css_animation=&#8221;&#8221;][vc_column][vc_column_text]<\/p>\n<h3>Performing Arts Advanced Programme<\/h3>\n<h3>Curated by Sofia Dias and V\u00edtor Roriz<\/h3>\n<h5>From February 16 to July 30, 2023<\/h5>\n<p>[\/vc_column_text][vc_empty_space height=&#8221;20px&#8221;][\/vc_column][\/vc_row][vc_row row_type=&#8221;row&#8221; use_row_as_full_screen_section=&#8221;no&#8221; type=&#8221;grid&#8221; text_align=&#8221;left&#8221; background_animation=&#8221;none&#8221; css_animation=&#8221;&#8221;][vc_column][vc_column_text]<\/p>\n<h3><span style=\"color: #ca1235;\"><strong>APPLICATIONS ARE CLOSED<\/strong><\/span><\/h3>\n<h5><strong>Open until June 20, 2022<\/strong><\/h5>\n<p>[\/vc_column_text][vc_empty_space height=&#8221;20px&#8221;][vc_column_text]<\/p>\n<h3><strong>Presentation<\/strong><\/h3>\n<p>[\/vc_column_text][vc_empty_space height=&#8221;20px&#8221;][vc_column_text]In each epoch there are voices coming from the future that demand urgent and necessary changes in the present. The voices that reach us today from the future seem to suffer from that almost mute hoarseness of someone who, for years, repeats the same thing to exhaustion. Despite the countless declinations and formulations, more or less prosaic and poetic, that message from the future comes in a question as simple as this: &#8220;if you already know what needs to be done, why don&#8217;t you do it?&#8221; And it is not the apparent aphonia that makes these voices inaudible, but the voluntary effort to minimize, ignore or postpone them. Camus, in <em>The Myth of Sisyphus<\/em>, comes to a synthesis that seems to us linked to the root of this deafness &#8220;&#8230;practical consent and simulated ignorance, (&#8230;) makes us live with ideas that, if we actually felt them, should transform our whole lives.&#8221; This contradiction between ideas and practice is a fertile place of artistic questioning for what it reveals of the futility of the barriers between the desire for transformation and action or the difficulty of some communities in letting go of the &#8220;bone&#8221; of privilege, not only over other communities, but over nature itself.<\/p>\n<p>&nbsp;<\/p>\n<p>Alongside the unpredictability of what is to come, the obsolescence of some of the tools of thought and action that characterize our society, the voices that announce it, the resistance to hear them, there is a future to be imagined and to which we are already contributing actively or passively. PACAP is one of these places of imagination and experimentation where the circumstances of the world are in dialogue with the specificities and subjectivities of each artist and, therefore, a special place for the debate of our contradictions. The work of each artist communicates more or less directly with the multiple temporalities that constitute reality, influencing and absorbing it, being part of it and sometimes distancing themselves to create parallel worlds that guarantee a critical perspective on what goes on around us. In the curious balance between the particular and the universal, we see how the approach to what is most singular and specific in each artist has the capacity, not infrequently, to affect more people than those who are part of their usual circle. And in these successive affections we contribute to the diversity of imaginaries about the body, identity and relationships.<\/p>\n<p>&nbsp;<\/p>\n<p>The PACAP, as a provisional community, is also a place for the composition of relationships between each participant, for the articulation between the individual and the collective, for experimentation with other interaction dynamics that overlap with those of privilege and power, such as care, generosity, attention, collaboration.<\/p>\n<p>&nbsp;<\/p>\n<p>The PACAP calls for intensity simply because it is a long-term community. This awareness of the end gives the added energy and urgency needed to spark unusual relationships and excesses that escape control but are indispensable to the imagination. We can use this energy of being together to provoke either a re-centering or a slight shift in our ways of thinking\/doing.<\/p>\n<p>&nbsp;<\/p>\n<p>For all this, we know that beyond the incredible group of artists we invite to be with us, what makes the PACAP experience unique is the constellation of participants that will integrate this Program. We would like, therefore, to invite 16 people with the desire and the pleasure of experimentation, to imagine with us multiple futures through projects whose starting points can be a simple quality of movement, an urgent and current concept, a banal idea, an intuition to name, an object out of place, or any other thing that provokes the necessary restlessness to create.[\/vc_column_text][vc_empty_space height=&#8221;40px&#8221;][\/vc_column][\/vc_row][vc_row row_type=&#8221;row&#8221; use_row_as_full_screen_section=&#8221;no&#8221; type=&#8221;grid&#8221; text_align=&#8221;left&#8221; background_animation=&#8221;none&#8221; css_animation=&#8221;&#8221;][vc_column][vc_column_text]<\/p>\n<h3><strong>Structure<\/strong><\/h3>\n<p>[\/vc_column_text][vc_empty_space height=&#8221;20px&#8221;][vc_column_text]PACAP 6 is structured in five moments:<\/p>\n<p>&nbsp;<\/p>\n<ul>\n<li>Moment 1 &#8211; Temporary community, from 16 February to 10 March;<\/li>\n<li>Moment 2 &#8211; Laboratories, meetings and conversations, from March 13 to May 19;<\/li>\n<li>Moment 3 &#8211; Research and Creation, from May 22 to July 2;<\/li>\n<li>Moment 4 &#8211; Public Presentation, from the 3rd to the 23rd of July;<\/li>\n<li>Moment 5 &#8211; Reflection\/feedback, production and finishing, from the 24th to the 29th of July.<\/li>\n<\/ul>\n<p>&nbsp;<\/p>\n<p>Access the tabs to find out more information about each of these moments that make up the program&#8217;s structure.[\/vc_column_text][vc_empty_space height=&#8221;20px&#8221;][vc_accordion active_tab=&#8221;false&#8221; collapsible=&#8221;yes&#8221; style=&#8221;boxed_accordion&#8221;][vc_accordion_tab title=&#8221;MOMENT 1&#8243; title_color=&#8221;#000000&#8243; background_color=&#8221;#eeeeee&#8221;][vc_column_text css=&#8221;.vc_custom_1652974977502{padding-left: 25px !important;}&#8221;]<\/p>\n<h4><strong>Temporary Community<\/strong><\/h4>\n<p><strong>[from February 16 to March 10]<\/strong><\/p>\n<p>PACAP 6 is a temporary community with a fixed duration of six months. And as a community we need to find ways of coexistence where the combination of the heterogeneities of each artist translates into a greater capacity for action. The way we constitute ourselves as a community, although in large part random and involuntary, depends on particular attention to the composition of relationships so that no way of thinking\/doing is disqualified and so that the diversity of perspectives and freedom of action is preserved. This will be an unstable composition in continuous mutation throughout the six months, but to which we dedicate ourselves in this first moment.<\/p>\n<p>&nbsp;<\/p>\n<p><strong>Residency<\/strong><br \/>\nPACAP 6 begins with a six-day residency with Sofia and V\u00edtor. In this residency, we will start by sharing the projects with which each artist applied to this program, as well as their references and personal practices. Simultaneously we will explore a series of methodologies of collaboration and collective reflection in a logic of reciprocity, care, and circulation of ideas.<\/p>\n<p>&nbsp;<\/p>\n<p><strong>Laboratory with Sofia &amp; V\u00edtor<\/strong><br \/>\nDuring eight days, Sofia and V\u00edtor will share some of their research tools, while accompanying each artist in the preparation and presentation of a short performance\/rehearsal from the individual projects. To watch these performances\/essays we will invite the circle of accomplices of PACAP. This will be the first and still intimate opening of this temporary community to the outside world, in a movement of expansion and aggregation.<\/p>\n<p>&nbsp;<\/p>\n<p><strong>Visits to local structures<\/strong><br \/>\nIn these first weeks we will visit several spaces of presenting, researching, and experimenting in the performance arts in Lisbon and can talk with the people who coordinate them. These visits are a first contribution for the mapping of Lisbon by each artist and intend to make easier their communication with these structures as potential partners.[\/vc_column_text][vc_empty_space height=&#8221;40px&#8221;][\/vc_accordion_tab][vc_accordion_tab title=&#8221;MOMENT 2&#8243; title_color=&#8221;#000000&#8243; background_color=&#8221;#eeeeee&#8221;][vc_column_text css=&#8221;.vc_custom_1678895976947{padding-left: 25px !important;}&#8221;]<\/p>\n<h4><strong>Laboratories, meetings, and conversations<\/strong><\/h4>\n<p><strong>[from March 13 to May 19]<\/strong><\/p>\n<p>The second moment of PACAP will be a moment of critical incorporation of influences, practices, perspectives and wishes of a group of invitees in different types of encounters.<\/p>\n<p>&nbsp;<\/p>\n<p><strong>Research laboratories<\/strong><br \/>\nWe have tried to congregate an eclectic group of 8 artists who, during twelve weeks, will share their ways of research and creation in laboratories that will last from 5 to 10 days.<br \/>\n<strong>Confirmed artists:<\/strong> <a href=\"https:\/\/www.alexcassal.com\" target=\"_blank\" rel=\"noopener\">Alex Cassal<\/a>, <a href=\"https:\/\/en.wikipedia.org\/wiki\/Christine_De_Smedt\" target=\"_blank\" rel=\"noopener\">Christine de Smedt<\/a>, <a href=\"https:\/\/joaofiadeiro.pt\" target=\"_blank\" rel=\"noopener\">Jo\u00e3o Fiadeiro<\/a>,\u00a0<a href=\"https:\/\/ligialewis.com\/\" target=\"_blank\" rel=\"noopener\">Ligia Lewis<\/a>, <a href=\"https:\/\/www.demolitionincorporada.com\" target=\"_blank\" rel=\"noopener\">Marcelo Evelin<\/a>,\u00a0<a href=\"http:\/\/www.sheenamcgrandles.com\/\" target=\"_blank\" rel=\"noopener\">Sheena McGrandles<\/a>, <a href=\"https:\/\/www.aughterlony.com\/\" target=\"_blank\" rel=\"noopener\">Simone Aughterlony<\/a>\u00a0and\u00a0<a href=\"https:\/\/www.orumodofumo.com\/pt\/artistas\/vera-mantero_2\" target=\"_blank\" rel=\"noopener\">Vera Mantero<\/a>.<\/p>\n<p>&nbsp;<\/p>\n<p><strong>Creative response<\/strong><br \/>\nThe research labs will finish with a moment of creative\/critical response from each participant. This response is intended to return a look or feedback to the guests to sediment the experience of the laboratory and put into dialogue elements of this research with the individual projects. The creative\/critical response will be an opportunity to experiment with different presentation\/performance formats.<\/p>\n<p>Occasional Encounters \/ Crash Meetings<br \/>\nAmong the eight research laboratories there will be occasional meetings with artists living or passing through Lisbon. The duration of these meetings varies from just a few hours to a day, and their format is open and flexible. Crash Meetings are an opportunity to include local artists and expand the temporary community of PACAP 6. Besides the curatorial choices, there is room for suggestions from participants of PACAP 6, to meet collective interests and needs.<br \/>\n<strong>Confirmed artists:<\/strong> <a href=\"http:\/\/vlovajobpru.com\/en\/show\/\" target=\"_blank\" rel=\"noopener\">Fran\u00e7ois Chaignaud<\/a>.<\/p>\n<p>&nbsp;<\/p>\n<p><strong>Conversations\/seminars<\/strong><br \/>\nFor PACAP6 we invited a few people to broaden and deepen the reflection and discussion on the themes\/subjects we want to address in this program, namely, creative appropriation, the tension between form\/content, the relationship of artistic creation with ecology, identity, and activism, among others. There will be a particular focus on the concept of &#8220;bridging the divide&#8221; which could be freely understood as to \u201cbringing together those who are divided\u201d. Here representatives of two projects that operate according to this concept will share their experience, particularly in trying to bring together people from radically different political spectrums. The concept of &#8220;bridging the divide&#8221; along with the search for tools for dialogue with those we consider to be at odds with our convictions (not only political but also artistic) are a fundamental axis in the reflection and action of PACAP 6. In these conversations\/seminars there will also be room for the suggestions of each participant.<br \/>\n<strong>Confirmed guests:<\/strong> <a href=\"https:\/\/www.zeit.de\/autoren\/I\/Hanna_Israel\/index\" target=\"_blank\" rel=\"noopener\">Hanna Israel<\/a> (Europe Talks).<\/p>\n<p>&nbsp;<\/p>\n<p><strong>Parallel Program<\/strong><br \/>\nA program of shows and performances in different cultural spaces in Lisbon will be proposed to the group of participants of PACAP 6. Collective viewing makes it possible to create a common reflection plan not only on the shows, but also, by mirror effect, on the practices of each PACAP participant. It is easier to discuss and apply some concepts with a performance as a common reference. This parallel program takes place outside PACAP hours, and attendance is optional.[\/vc_column_text][vc_empty_space height=&#8221;40px&#8221;][\/vc_accordion_tab][vc_accordion_tab title=&#8221;MOMENT 3&#8243; title_color=&#8221;#000000&#8243; background_color=&#8221;#eeeeee&#8221;][vc_column_text css=&#8221;.vc_custom_1678896355779{padding-left: 25px !important;}&#8221;]<\/p>\n<h4><strong>Research and Creation<\/strong><\/h4>\n<p><strong>[from May 22 to July 2]<\/strong><\/p>\n<p>For 6 weeks, each PACAP participant will work on individual creation projects. It is a period accompanied by Sofia and V\u00edtor, by peers of PACAP and by local instigators chosen by each participant. A collaboration methodology will be proposed where each participant puts herself at the service of one or more projects so that this creative process is as closely monitored as possible and to take advantage of the main resource of this program: the pairs.<\/p>\n<p>At the beginning of this process, a production plan will be made in collaboration with the Forum Dan\u00e7a team to adapt the existing resources or find others necessary for the realization of the project. In the fourth week of creation there will be an informal presentation and feedback session. During the last phase of the creative process, technical support will be guaranteed for the implementation of the project at Teatro do Bairro Alto and Culturgest.<\/p>\n<p>&nbsp;<\/p>\n<p><strong>Documentation<\/strong><br \/>\nA documentation project of the creative process of each participant will be developed in collaboration with an artist and graphic designer. In a first phase, materials will be collected to create a personal archive. This archive will then serve as a field of experimentation for the creation of a documentary object that can dialogue directly with the \u201cstudio\u201d work or go in an autonomous direction.<br \/>\n<a href=\"https:\/\/martaatramos.pt\/\" target=\"_blank\" rel=\"noopener\">Marta Ramos<\/a> will collaborate during this process.[\/vc_column_text][vc_empty_space height=&#8221;40px&#8221;][\/vc_accordion_tab][vc_accordion_tab title=&#8221;MOMENT 4&#8243; title_color=&#8221;#000000&#8243; background_color=&#8221;#eeeeee&#8221;][vc_column_text css=&#8221;.vc_custom_1678896366400{padding-left: 25px !important;}&#8221;]<\/p>\n<h4><strong>Public Presentation<\/strong><\/h4>\n<p><strong>[from July 3 to 23]<\/strong><\/p>\n<p>The six-week creative process will culminate with public presentations of each participant&#8217;s projects at the <a href=\"https:\/\/teatrodobairroalto.pt\" target=\"_blank\" rel=\"noopener\"><strong>Bairro Alto Theater<\/strong><\/a> (TBA) and <a href=\"https:\/\/www.culturgest.pt\" target=\"_blank\" rel=\"noopener\"><strong>Culturgest<\/strong><\/a> in Lisbon. One of the partners will mainly host projects that fit into the theatrical space while the other will host projects for unconventional spaces, namely outdoor space (gardens, street, open-air auditorium, etc.). This diversity of presentation contexts and the respective technical and logistical support of the teams of these cultural institutions seeks to meet the diversity and specificity of the proposals of each participant. Thus, the presentation formats depend exclusively on the creation process and the artistic intentions of each participant, which can either result in a show or performance or in a lecture, collective practice, installation, sound experience, guided tour, among many other options. PACAP&#8217;s public presentations are a moment of celebration, of expanding the relations of this temporary community and of collective reflection.<\/p>\n<p>&nbsp;<\/p>\n<p><strong>Sharing of Documentation<\/strong><br \/>\nThe period of the public presentation will also be the opportunity to share, in one of the spaces of the Bairro Alto Theater, a collective composition of the personal archives, showing the lines of force, specificities, approximations and distances between each project. This temporary composition serves both as an introduction to the projects and as a support point for later reflections and discussions.<\/p>\n<p>&nbsp;<\/p>\n<p><strong>Register<\/strong><br \/>\nA complete photographic and video recording of each presentation will be made. These records will be given to the participants for the documentation and\/or dissemination of the project.[\/vc_column_text][vc_empty_space height=&#8221;40px&#8221;][\/vc_accordion_tab][vc_accordion_tab title=&#8221;MOMENT 5&#8243; title_color=&#8221;#000000&#8243; background_color=&#8221;#eeeeee&#8221;][vc_column_text css=&#8221;.vc_custom_1678896045332{padding-left: 25px !important;}&#8221;]<\/p>\n<h4><strong>Reflection\/feedback, production, and finishing<\/strong><\/h4>\n<p><strong>[from July 24 to 29]<\/strong><\/p>\n<p><strong>Reflection and feedback<\/strong><br \/>\nBack to the intimacy of Forum Dan\u00e7a studios, this final moment of PACAP 6 is dedicated to reflection and feedback on the journey of each participant during the six months of the Program, with special focus on the creation process and the public presentation. In this reflection\/feedback we will count on the presence of the instigators of each project.<\/p>\n<p>&nbsp;<\/p>\n<p><strong>Production support<\/strong><br \/>\nParallel to this reflection and feedback moment, each participant will have production and dissemination support. Depending on the stage each project is at, this support may consist of the elaboration of a production and\/or dissemination dossier; research for and contact with institutional partners for the development and\/or presentation of the project; application to residencies, support and grants for creation and\/or circulation; clarifications about the Portuguese context of support to the arts and the status of the arts worker; among others.<\/p>\n<p>&nbsp;<\/p>\n<p><strong>Finishing Documentation<\/strong><br \/>\nIn this last moment of the Program, we are going to create a collective documentary object that tries to integrate and put into dialogue the elements of individual research, with the experience of different laboratories, occasional meetings, seminars and performances presented at Teatro do Bairro Alto and at Culturgest.<\/p>\n<p>&nbsp;<\/p>\n<p><strong>Temporary community<\/strong><br \/>\nIn the same way that at the beginning of the six months special attention is given to the formation of this temporary community, at this moment of the Program it will also be fundamental to take care of its end.[\/vc_column_text][vc_empty_space height=&#8221;40px&#8221;][\/vc_accordion_tab][\/vc_accordion][vc_empty_space height=&#8221;40px&#8221;][\/vc_column][\/vc_row][vc_row row_type=&#8221;row&#8221; use_row_as_full_screen_section=&#8221;no&#8221; type=&#8221;full_width&#8221; text_align=&#8221;left&#8221; background_animation=&#8221;none&#8221; css_animation=&#8221;&#8221;][vc_column][vc_column_text]<\/p>\n<h3><strong>Informations<\/strong><\/h3>\n<p>[\/vc_column_text][vc_empty_space height=&#8221;20px&#8221;][vc_accordion active_tab=&#8221;false&#8221; collapsible=&#8221;yes&#8221; style=&#8221;boxed_accordion&#8221;][vc_accordion_tab title=&#8221;Target audience&#8221; title_color=&#8221;#000000&#8243; background_color=&#8221;#eeeeee&#8221;][vc_column_text css=&#8221;.vc_custom_1650576032935{padding-right: 25px !important;padding-left: 25px !important;}&#8221;]Dancers, choreographers, performers and other artists with performance, body, and movement practices, older than 23 (with no upper age limit).<\/p>\n<p>The program is open to applications from individual and duet artists.[\/vc_column_text][vc_empty_space height=&#8221;20px&#8221;][vc_column_text css=&#8221;.vc_custom_1650303993113{padding-right: 25px !important;padding-left: 25px !important;}&#8221;]<strong>Note<\/strong><br \/>\nPACAP will have English and Portuguese as its working language, according to the Program participants.<\/p>\n<p>A minimum knowledge of these languages is required, although this is not a determining criterion for the selection of candidates.[\/vc_column_text][\/vc_accordion_tab][vc_accordion_tab title=&#8221;Guests&#8221; title_color=&#8221;#000000&#8243; background_color=&#8221;#eeeeee&#8221;][vc_column_text css=&#8221;.vc_custom_1655558979133{padding-right: 25px !important;padding-left: 25px !important;}&#8221;]Invited artists and structures:<\/p>\n<p>&nbsp;<\/p>\n<p><strong>Moment 2 | Research Labs<\/strong><\/p>\n<ul>\n<li><a href=\"https:\/\/www.alexcassal.com\" target=\"_blank\" rel=\"noopener\">Alex Cassal<\/a><\/li>\n<li><a href=\"https:\/\/en.wikipedia.org\/wiki\/Christine_De_Smedt\" target=\"_blank\" rel=\"noopener\">Christine de Smedt<\/a><\/li>\n<li><a href=\"https:\/\/joaofiadeiro.pt\" target=\"_blank\" rel=\"noopener\">Jo\u00e3o Fiadeiro<\/a><\/li>\n<li><a href=\"https:\/\/ligialewis.com\" target=\"_blank\" rel=\"noopener\">Ligia Lewis<\/a><\/li>\n<li><a href=\"https:\/\/www.demolitionincorporada.com\" target=\"_blank\" rel=\"noopener\">Marcelo Evelin<\/a><\/li>\n<li><a href=\"http:\/\/www.sheenamcgrandles.com\" target=\"_blank\" rel=\"noopener\">Sheena McGrandles<\/a><\/li>\n<li><a href=\"https:\/\/www.aughterlony.com\" target=\"_blank\" rel=\"noopener\">Simone Aughterlony<\/a><\/li>\n<li><a href=\"https:\/\/www.orumodofumo.com\/pt\/artistas\/vera-mantero_2\" target=\"_blank\" rel=\"noopener\">Vera Mantero<\/a><\/li>\n<\/ul>\n<p>&nbsp;<\/p>\n<p><strong>Moment 2 | Occasional Encounters\/Crash Meetings<\/strong><\/p>\n<ul>\n<li><a href=\"http:\/\/vlovajobpru.com\/en\/show\/\" target=\"_blank\" rel=\"noopener\">Fran\u00e7ois Chaignaud<\/a><br \/>\nand more to come<\/li>\n<\/ul>\n<p>&nbsp;<\/p>\n<p><strong>Moment 2 | Talks\/Seminars<\/strong><\/p>\n<ul>\n<li><a href=\"https:\/\/www.zeit.de\/autoren\/I\/Hanna_Israel\/index\" target=\"_blank\" rel=\"noopener\">Hanna Israel<\/a> (Europe Talks)<br \/>\nand more to come<\/li>\n<\/ul>\n<p>&nbsp;<\/p>\n<p><strong>Moment 3\/4\u00a0<\/strong><\/p>\n<ul>\n<li><a href=\"https:\/\/martaatramos.pt\" target=\"_blank\" rel=\"noopener\">Marta Ramos<\/a>\u00a0(documentation collab)<\/li>\n<\/ul>\n<p>[\/vc_column_text][\/vc_accordion_tab][vc_accordion_tab title=&#8221;Selection Process&#8221; title_color=&#8221;#000000&#8243; background_color=&#8221;#eeeeee&#8221;][vc_column_text css=&#8221;.vc_custom_1650304089754{padding-right: 25px !important;padding-left: 25px !important;}&#8221;]The selection process will be carried out by the curators of PACAP 6 and the direction of Forum Dan\u00e7a.<\/p>\n<p>It will take place in 2 distinct Phases:<\/p>\n<p>&nbsp;<\/p>\n<ul>\n<li><strong>Phase 1<\/strong> &#8211; Applications;<\/li>\n<li><strong>Phase 2<\/strong> &#8211; Auditions.<\/li>\n<\/ul>\n<p>&nbsp;<\/p>\n<p>Candidates must present a synopsis of a project to be developed within the scope of PACAP 6.\u00a0This synopsis is nothing more than a starting point, an unfinished idea, an unsolved problem.[\/vc_column_text][\/vc_accordion_tab][vc_accordion_tab title=&#8221;Phase 1&#8243; title_color=&#8221;#000000&#8243; background_color=&#8221;#eeeeee&#8221;][vc_column_text css=&#8221;.vc_custom_1652976204690{padding-right: 25px !important;padding-left: 25px !important;}&#8221;]<\/p>\n<h4><strong>Applications<\/strong><\/h4>\n<p>&nbsp;<\/p>\n<p>The submission of applications is done through an online form (further down this page)\u00a0until <strong>June 20, 2022<\/strong>. Applications will be accepted in <strong>Portuguese<\/strong>, <strong>English<\/strong> or <strong>French<\/strong>.<\/p>\n<p>&nbsp;<\/p>\n<p>Please Include the following documents:<\/p>\n<p>&nbsp;<\/p>\n<ul>\n<li><strong>Motivation letter<\/strong> (max. 1 page A4 .pdf format) or video (link max. 3 minutes);<\/li>\n<li><strong>CV<\/strong> with photo and short biographical note (max. 2 pages A4 .pdf \u2013 not to exceed 1MB);<\/li>\n<li>Candidate&#8217;s<strong> Portfolio Link<\/strong>\u00a0with texts, images and links to videos (max. 10 pages A4, in .pdf format);<\/li>\n<li><strong>Synopsis<\/strong>\u00a0of a project to be developed within the scope of PACAP 6 (max. 1 page A4, pdf).<\/li>\n<\/ul>\n<p>&nbsp;<\/p>\n<p>Candidates<strong> selected for an audition<\/strong> will be contacted by <strong>June 30, 2022<\/strong> by email.[\/vc_column_text][vc_empty_space height=&#8221;40px&#8221;][vc_column_text css=&#8221;.vc_custom_1650304691076{padding-right: 25px !important;padding-left: 25px !important;}&#8221;]<strong>! IMPORTANT NOTE !<\/strong><\/p>\n<p>Please <strong>do not send links to download<\/strong> videos and photos.<\/p>\n<p>Links sent must give <strong>direct access to the online visualization<\/strong> of the files (YouTube, Vimeo, etc.).<\/p>\n<p>We only accept as downloadable files the CV, the motivation letter, and the project\/synopsis.[\/vc_column_text][\/vc_accordion_tab][vc_accordion_tab title=&#8221;Phase 2&#8243; title_color=&#8221;#000000&#8243; background_color=&#8221;#eeeeee&#8221;][vc_column_text css=&#8221;.vc_custom_1650732203572{padding-right: 25px !important;padding-left: 25px !important;}&#8221;]<\/p>\n<h4><strong>Auditions<\/strong><\/h4>\n<p>&nbsp;<\/p>\n<p>This second phase <strong>will only be for the candidates selected<\/strong> in the first phase.<\/p>\n<p>&nbsp;<\/p>\n<ul>\n<li><strong>Audition Dates:<\/strong> 5 to 10 September 2022<\/li>\n<li><strong>Place:<\/strong> Forum Dan\u00e7a, Lisbon, Portugal.<\/li>\n<\/ul>\n<p>&nbsp;<\/p>\n<p><strong>Communication of results:<\/strong> all selected candidates will be contacted by email until 30 September 2022.<\/p>\n<p>&nbsp;<\/p>\n<p><strong>Note<\/strong><\/p>\n<p>For foreign residents unable to travel to Lisbon, an audition and online interview will be held between <strong>September 5 and 10<\/strong>, 2022 at a time to be arranged with each candidate.[\/vc_column_text][\/vc_accordion_tab][vc_accordion_tab title=&#8221;Tuition fees&#8221; title_color=&#8221;#000000&#8243; background_color=&#8221;#eeeeee&#8221;][vc_column_text css=&#8221;.vc_custom_1653664580072{padding-right: 25px !important;padding-left: 25px !important;}&#8221;]<\/p>\n<ul>\n<li><strong>Registration<\/strong>: 120\u20ac.<\/li>\n<li><strong>Payment in full<\/strong>: 1800\u20ac.<\/li>\n<li><strong>Payment in two instalments<\/strong>: 950\u20ac x 2.<\/li>\n<\/ul>\n<p>&nbsp;<\/p>\n<p><strong>Attention:<\/strong>\u00a0The tuition fees are payable by each participant, even if they apply as an artist duo.<\/p>\n<p>&nbsp;<\/p>\n<p><strong>Please apply even if the tuition fee is an impediment.<\/strong><br \/>\nIf the amount of the tuition fee is an impediment, please attach a letter explaining your financial condition to your application.[\/vc_column_text][\/vc_accordion_tab][vc_accordion_tab title=&#8221;Scholarships&#8221; title_color=&#8221;#000000&#8243; background_color=&#8221;#eeeeee&#8221;][vc_column_text css=&#8221;.vc_custom_1652976396897{padding-right: 25px !important;padding-left: 25px !important;}&#8221;]Four scholarships will be awarded:<\/p>\n<p>&nbsp;<\/p>\n<ul>\n<li>1 scholarship with 100% reduction of the total fee, exclusively addressed to artists from Portuguese-speaking African Countries (PALOP);<\/li>\n<li>1 scholarship with 75% reduction of the total fee, exclusively addressed to black artists living in Portugal;<\/li>\n<li>2 scholarships with a reduction of 50% of the total fee, for 2 artists who can assure the simultaneous translation of the PACAP sessions for small groups.<\/li>\n<\/ul>\n<p>&nbsp;<\/p>\n<p><strong>Please apply even if the tuition fee is an impediment.<\/strong><br \/>\nIf the tuition fee is an impediment, please attach a letter explaining your financial condition to your application.[\/vc_column_text][\/vc_accordion_tab][vc_accordion_tab title=&#8221;Schedules&#8221; title_color=&#8221;#000000&#8243; background_color=&#8221;#eeeeee&#8221;][vc_column_text css=&#8221;.vc_custom_1650576122494{padding-right: 25px !important;padding-left: 25px !important;}&#8221;]Monday to Friday from 10 am to 5 pm.<\/p>\n<p>This schedule is only indicative and may change.<\/p>\n<p>A detailed program plan will be delivered to each PACAP 6 participant.[\/vc_column_text][\/vc_accordion_tab][\/vc_accordion][vc_empty_space height=&#8221;40px&#8221;][\/vc_column][\/vc_row][vc_row row_type=&#8221;row&#8221; use_row_as_full_screen_section=&#8221;no&#8221; type=&#8221;full_width&#8221; text_align=&#8221;left&#8221; background_animation=&#8221;none&#8221; css_animation=&#8221;&#8221;][vc_column][vc_column_text]<\/p>\n<h3><strong>Application<\/strong><\/h3>\n<p>[\/vc_column_text][vc_empty_space height=&#8221;20px&#8221;][vc_accordion active_tab=&#8221;false&#8221; collapsible=&#8221;yes&#8221; style=&#8221;boxed_accordion&#8221;][vc_accordion_tab title=&#8221;Form&#8221; title_color=&#8221;#000000&#8243; background_color=&#8221;#eeeeee&#8221;][vc_column_text]Applications are closed.[\/vc_column_text][\/vc_accordion_tab][\/vc_accordion][vc_empty_space height=&#8221;40px&#8221;][\/vc_column][\/vc_row][vc_row row_type=&#8221;row&#8221; use_row_as_full_screen_section=&#8221;no&#8221; type=&#8221;full_width&#8221; text_align=&#8221;left&#8221; background_animation=&#8221;none&#8221; css_animation=&#8221;&#8221;][vc_column][vc_column_text]<\/p>\n<h3><strong>Curatorship<\/strong><\/h3>\n<p>[\/vc_column_text][vc_empty_space height=&#8221;20px&#8221;][vc_accordion active_tab=&#8221;false&#8221; collapsible=&#8221;yes&#8221; style=&#8221;boxed_accordion&#8221;][vc_accordion_tab title=&#8221;Sofia Dias &amp; V\u00edtor Roriz&#8221; title_color=&#8221;#000000&#8243; background_color=&#8221;#eeeeee&#8221;][vc_row_inner row_type=&#8221;row&#8221; type=&#8221;full_width&#8221; use_row_as_full_screen_section_slide=&#8221;no&#8221; text_align=&#8221;left&#8221; css_animation=&#8221;&#8221;][vc_column_inner width=&#8221;1\/3&#8243;][vc_single_image image=&#8221;26980&#8243; img_size=&#8221;&#8221; add_caption=&#8221;yes&#8221; qode_css_animation=&#8221;&#8221;][vc_empty_space height=&#8221;40px&#8221;][\/vc_column_inner][vc_column_inner width=&#8221;2\/3&#8243;][vc_column_text]<strong>Sofia Dias<\/strong> and <strong>V\u00edtor Roriz<\/strong> are a duo of artists collaborating since 2006. The hybrid nature of their research, connected to a strong curiosity and need for experimentation, led them to the create several shows, performances, videos, podcasts and installations, crossing different contexts and blurring limits between artistic fields.<\/p>\n<p>&nbsp;<\/p>\n<p>Their performances conceived for stage, mainly performed by the duo, summon up a particular choreographic language in relation to text and voice, as manifested in the pieces <em>A gesture that is nothing but a threat<\/em> 2011 (Prix Jardin d&#8217;Europe and 1\u00baAerowaves Spring Forward) and <em>What does not happen<\/em> 2018, both still touring. Besides their shows in duet, Sofia and V\u00edtor have been also creating with and for other performers, invited by companies, such as <strong>Companhia Inst\u00e1vel<\/strong> 2010, or <strong>Companhia Maior<\/strong> 2019; and in their own productions such as <em>Satellites<\/em> (2015), <em>Escala<\/em> (2021) or their first piece for children, <em>Sons Mentirosos Misteriosos<\/em> 2020 [Misterious Lying Sounds].[\/vc_column_text][vc_empty_space height=&#8221;40px&#8221;][\/vc_column_inner][\/vc_row_inner][vc_row_inner row_type=&#8221;row&#8221; type=&#8221;full_width&#8221; use_row_as_full_screen_section_slide=&#8221;no&#8221; text_align=&#8221;left&#8221; css_animation=&#8221;&#8221;][vc_column_inner width=&#8221;1\/3&#8243;][vc_single_image image=&#8221;26986&#8243; img_size=&#8221;&#8221; add_caption=&#8221;yes&#8221; qode_css_animation=&#8221;&#8221;][vc_empty_space height=&#8221;40px&#8221;][\/vc_column_inner][vc_column_inner width=&#8221;2\/3&#8243;][vc_column_text]With approximately 30 projects conceived over the last 16 years, Sofia and V\u00edtor spread their research to other mediums and contexts. As in the radio piece <em>De olhos fechados<\/em> [With eyes closed] for <strong>OSSO<\/strong> (2021), the video work <em>Contorno<\/em> [Contour] created for the <strong>third edition of Tra\u00e7a<\/strong> (2020), the sound piece <em>Gas pier<\/em> in <strong>Lisbon by Sound<\/strong> (2014), or in the series of performances for non-conventional spaces presented since 2011, <em>Arremesso<\/em>. A series that counts already with nine different performances that search for reactivating and re-signifying the archive of gestures, movements, texts, musics, soundscapes, voices and \u201cstates of presence\u201d they have been collecting throughout their collaboration.[\/vc_column_text][vc_empty_space height=&#8221;40px&#8221;][\/vc_column_inner][\/vc_row_inner][vc_row_inner row_type=&#8221;row&#8221; type=&#8221;full_width&#8221; use_row_as_full_screen_section_slide=&#8221;no&#8221; text_align=&#8221;left&#8221; css_animation=&#8221;&#8221;][vc_column_inner][vc_column_text]Although the artistic creation is a mark in the path of this duo, their first collaboration, in 2006, was <strong>Project MOLA \u2013 Movimento latente<\/strong> \u2013 a project of informal artistic education for children and adults from different social and economic backgrounds that kept active till 2010. The duo\u2019s educational activity continued in the professional context after an invitation by <strong>Companhia Inst\u00e1vel<\/strong> in Porto to teach a workshop. Since then, Sofia and V\u00edtor regularly run workshops and classes in Portugal and abroad, in the context of the festivals where they present their works, or in formal and informal institutions of education\/training\/research, like <strong>C.e.m. \u2013 Centro em movimento<\/strong> (Lisbon), <strong>La Place de la Danse CDCN<\/strong> (Toulouse) and <strong>ESAD<\/strong> (Caldas da Ra\u00ednha). Since 2010 they keep a close relationship with <strong>F\u00f3rum Dan\u00e7a<\/strong> (Lisboa), where they were invited to make the curatorship of the second edition of PACAP \u2013 Advanced Program of Creation in Performing Arts (2018\/19) and by whom they were challenged for the curatorship of the 6th edition of the same Program in 2023.<\/p>\n<p>&nbsp;<\/p>\n<p>The growing interest for forms of sharing and reflection among pears, lead them to develop and take part, since 2012, of various residencies and meetings between artists, highlights include <strong>AWARE<\/strong> in the context of <strong>Alkantara Festival<\/strong>. Sofia and V\u00edtor are usually requested for \u201cfeedback sessions\u201d and \u201coutside view\u201d for multiple performative arts&#8217; projects.[\/vc_column_text][vc_empty_space height=&#8221;40px&#8221;][\/vc_column_inner][\/vc_row_inner][vc_row_inner row_type=&#8221;row&#8221; type=&#8221;full_width&#8221; use_row_as_full_screen_section_slide=&#8221;no&#8221; text_align=&#8221;left&#8221; css_animation=&#8221;&#8221;][vc_column_inner width=&#8221;1\/3&#8243;][vc_single_image image=&#8221;26983&#8243; img_size=&#8221;&#8221; add_caption=&#8221;yes&#8221; qode_css_animation=&#8221;&#8221;][vc_empty_space height=&#8221;40px&#8221;][\/vc_column_inner][vc_column_inner width=&#8221;2\/3&#8243;][vc_column_text]As a duo, they were invited to collaborate with several artists, such as Catarina Dias (<em>Potlach<\/em>), Lilia Mestre (<em>Beyond Mary and Joseph<\/em>), Lara Torres (<em>An impossible wardrobe for the invisible<\/em>), Gon\u00e7alo Waddington and Carla Maciel (<em>At most mere minimum<\/em>), Marco Martins and Clara Andermatt (<em>Dura\u00e7\u00f5es de um Minuto<\/em>), Marco Martins (<em>Two maybe more<\/em>), Mark Tompkins (<em>improvisation based on In C<\/em>), Tim Etchells (<em>The exhibition of a film<\/em>), Felipe Hirsch (<em>Opera Orph\u00e9e<\/em>). They have been collaborating regularly with Tiago Rodrigues as performers in <em>Antony and Cleopatra<\/em> 2014 (still on tour in its Portuguese, French and English versions) and <em>Sopro<\/em> 2017. In 2020 they did movement assistance for the piece <em>Catarina e a beleza de matar fascistas<\/em>, by the same author.[\/vc_column_text][vc_empty_space height=&#8221;40px&#8221;][\/vc_column_inner][\/vc_row_inner][vc_row_inner row_type=&#8221;row&#8221; type=&#8221;full_width&#8221; use_row_as_full_screen_section_slide=&#8221;no&#8221; text_align=&#8221;left&#8221; css_animation=&#8221;&#8221;][vc_column_inner][vc_column_text]Since the beginning of their collaboration they are supported by many different structures: <strong>O Espa\u00e7o do Tempo<\/strong>, being associate artists between 2009 and 2016, the former <strong>Bomba Suicida<\/strong> in the period from 2006 to 2009 and <strong>Materiais Diversos<\/strong> that, between 2012 and 2016 took charge of the production, diffusion and administration of all artistic activity of the duo. They can not fail to mention <strong>Alkantara<\/strong> and <strong>Devir\/CAPA<\/strong> for the support given to their creative work. They have collaborated with the structures of production and cultural diffusion <strong>SUMO<\/strong> and <strong>Something Great<\/strong> and currently they rely with the production of <strong>Ag\u00eancia 25<\/strong>.<\/p>\n<p>&nbsp;<\/p>\n<p>Along these years they have enjoyed the significant support of the European networks <strong>Looping<\/strong>, <strong>TRANSFER<\/strong>, <strong>Aerowaves<\/strong>, <strong>Open Latitudes<\/strong>, <strong>Modul Dance<\/strong>, <strong>ONDA<\/strong> and <strong>D\u00e9parts<\/strong>.[\/vc_column_text][vc_empty_space height=&#8221;40px&#8221;][\/vc_column_inner][\/vc_row_inner][vc_row_inner row_type=&#8221;row&#8221; type=&#8221;full_width&#8221; use_row_as_full_screen_section_slide=&#8221;no&#8221; text_align=&#8221;left&#8221; css_animation=&#8221;&#8221;][vc_column_inner width=&#8221;1\/3&#8243;][vc_single_image image=&#8221;26990&#8243; img_size=&#8221;&#8221; add_caption=&#8221;yes&#8221; qode_css_animation=&#8221;&#8221;][vc_empty_space height=&#8221;40px&#8221;][\/vc_column_inner][vc_column_inner width=&#8221;2\/3&#8243;][vc_column_text]In 2020, they\u2019ve developed the project Infiltration at <strong>Teatro do Bairro Alto<\/strong> that concluded with the piece <em>Escala<\/em>.<\/p>\n<p>In 2022 they were Featured Artists at <strong>GUIDance Festival<\/strong>.<\/p>\n<p>In 2022\/2023 Sofia and V\u00edtor will be \u201cNovos Inquilinos\u201d [New tenants] at <strong>Teatro Viriato<\/strong> in Viseu.<\/p>\n<p>Their next piece, NEVERODDOREVEN, in collaboration with Filiz Sizanli and Mustafa Kaplan will premiere in November at <strong>Alkantara Festival<\/strong> and will be presented in Viseu, Paris and Porto.<\/p>\n<p>&nbsp;<\/p>\n<p>Sofia Dias &amp; V\u00edtor Roriz are associate members of <strong>REDE<\/strong> &#8211; Associa\u00e7\u00e3o de Estruturas para a Dan\u00e7a Contempor\u00e2nea [Contemporary Dance Structure\u2019s Association].[\/vc_column_text][vc_empty_space height=&#8221;40px&#8221;][vc_column_text]<strong>More info at\u00a0<a href=\"https:\/\/www.sofiadiasvitorroriz.com\" target=\"_blank\" rel=\"noopener\">www.sofiadiasvitorroriz.com<\/a><\/strong>[\/vc_column_text][vc_empty_space height=&#8221;40px&#8221;][\/vc_column_inner][\/vc_row_inner][\/vc_accordion_tab][\/vc_accordion][vc_empty_space height=&#8221;40px&#8221;][\/vc_column][\/vc_row][vc_row row_type=&#8221;row&#8221; use_row_as_full_screen_section=&#8221;no&#8221; type=&#8221;full_width&#8221; text_align=&#8221;left&#8221; background_animation=&#8221;none&#8221; css_animation=&#8221;&#8221;][vc_column][vc_column_text]<\/p>\n<h3><strong>Participants<\/strong><\/h3>\n<p>[\/vc_column_text][vc_empty_space height=&#8221;20px&#8221;][vc_column_text]Bobby Brim (FR), Camilla Morello (IT), Connor Scott (UK), Estrellx Supernova (US), Lorea Burge (UK\/ES), Lucas Damiani (UY), Mar\u00eda Ibarretxe del Val (ES), Marcelo de Castro Pereira (BR), Mariana Catalina Iris (UY), Rafaela Santos (PT), Silvana Ivaldi (PT), Tarlie Lumby (UK), Vanessa Lonau (DE) e Victor Lattaque (FR).[\/vc_column_text][vc_empty_space height=&#8221;20px&#8221;][vc_btn title=&#8221;BIOGRAPHIES&#8221; style=&#8221;custom&#8221; custom_background=&#8221;#000000&#8243; custom_text=&#8221;#ffffff&#8221; shape=&#8221;square&#8221; size=&#8221;lg&#8221; link=&#8221;url:https%3A%2F%2Fwww.forumdanca.pt%2Fen%2Fparticipantes-pacap6%2F&#8221;][vc_empty_space height=&#8221;40px&#8221;][\/vc_column][\/vc_row][vc_row row_type=&#8221;row&#8221; use_row_as_full_screen_section=&#8221;no&#8221; type=&#8221;full_width&#8221; text_align=&#8221;left&#8221; background_animation=&#8221;none&#8221; css_animation=&#8221;&#8221;][vc_column][vc_column_text]<\/p>\n<h3><strong>PACAP 6 activities<\/strong><\/h3>\n<p>[\/vc_column_text][vc_empty_space height=&#8221;20px&#8221;][vc_basic_grid post_type=&#8221;post&#8221; max_items=&#8221;-1&#8243; style=&#8221;pagination&#8221; items_per_page=&#8221;8&#8243; element_width=&#8221;3&#8243; gap=&#8221;15&#8243; item=&#8221;23141&#8243; initial_loading_animation=&#8221;none&#8221; grid_id=&#8221;vc_gid:1688228930605-7206a2e7-e0ab-2&#8243; taxonomies=&#8221;420&#8243;][vc_empty_space height=&#8221;40px&#8221;][\/vc_column][\/vc_row][vc_row row_type=&#8221;row&#8221; use_row_as_full_screen_section=&#8221;no&#8221; type=&#8221;grid&#8221; text_align=&#8221;left&#8221; background_animation=&#8221;none&#8221; css_animation=&#8221;&#8221;][vc_column][vc_column_text]Top banner image credit \u00a9 <a href=\"https:\/\/joanalinda.com\" target=\"_blank\" rel=\"noopener\">Joana Linda<\/a>[\/vc_column_text][vc_empty_space height=&#8221;40px&#8221;][\/vc_column][\/vc_row][vc_row row_type=&#8221;row&#8221; use_row_as_full_screen_section=&#8221;no&#8221; type=&#8221;full_width&#8221; text_align=&#8221;left&#8221; background_animation=&#8221;none&#8221; css_animation=&#8221;&#8221;][vc_column][vc_column_text]<\/p>\n<h2><strong>Coproducers and Support<\/strong><\/h2>\n<p><strong>Coproducers PACAP 6:<\/strong>\u00a0Teatro do Bairro Alto and Culturgest<\/p>\n<p><strong>Support PACAP 6:\u00a0<\/strong>Casa da Dan\u00e7a \u2013 Almada, Funda\u00e7\u00e3o GDA, O Rumo do Fumo, Alkantara, OPART | Est\u00fadios Victor C\u00f3rdon, O Espa\u00e7o do Tempo, Piscina.[\/vc_column_text][vc_empty_space height=&#8221;20px&#8221;][vc_row_inner row_type=&#8221;row&#8221; type=&#8221;full_width&#8221; use_row_as_full_screen_section_slide=&#8221;no&#8221; text_align=&#8221;left&#8221; css_animation=&#8221;&#8221;][vc_column_inner][vc_single_image image=&#8221;28546&#8243; img_size=&#8221;&#8221; qode_css_animation=&#8221;&#8221;][\/vc_column_inner][\/vc_row_inner][vc_empty_space height=&#8221;80px&#8221;][\/vc_column][\/vc_row]<\/p>\n<\/div>","protected":false},"excerpt":{"rendered":"<p>OPEN CALL PACAP 6 \u2013 2023 | Curated by Sofia Dias &#038; V\u00edtor Roriz<\/p>\n","protected":false},"author":15,"featured_media":26607,"comment_status":"closed","ping_status":"closed","sticky":false,"template":"","format":"standard","meta":{"footnotes":""},"categories":[301,7,311,299,253,420,303],"tags":[],"class_list":["post-26748","post","type-post","status-publish","format-standard","has-post-thumbnail","hentry","category-advanced-training","category-agenda-en","category-highlights","category-history","category-pacap-en","category-pacap6-en","category-training"],"_links":{"self":[{"href":"https:\/\/www.forumdanca.pt\/en\/wp-json\/wp\/v2\/posts\/26748","targetHints":{"allow":["GET"]}}],"collection":[{"href":"https:\/\/www.forumdanca.pt\/en\/wp-json\/wp\/v2\/posts"}],"about":[{"href":"https:\/\/www.forumdanca.pt\/en\/wp-json\/wp\/v2\/types\/post"}],"author":[{"embeddable":true,"href":"https:\/\/www.forumdanca.pt\/en\/wp-json\/wp\/v2\/users\/15"}],"replies":[{"embeddable":true,"href":"https:\/\/www.forumdanca.pt\/en\/wp-json\/wp\/v2\/comments?post=26748"}],"version-history":[{"count":0,"href":"https:\/\/www.forumdanca.pt\/en\/wp-json\/wp\/v2\/posts\/26748\/revisions"}],"wp:featuredmedia":[{"embeddable":true,"href":"https:\/\/www.forumdanca.pt\/en\/wp-json\/wp\/v2\/media\/26607"}],"wp:attachment":[{"href":"https:\/\/www.forumdanca.pt\/en\/wp-json\/wp\/v2\/media?parent=26748"}],"wp:term":[{"taxonomy":"category","embeddable":true,"href":"https:\/\/www.forumdanca.pt\/en\/wp-json\/wp\/v2\/categories?post=26748"},{"taxonomy":"post_tag","embeddable":true,"href":"https:\/\/www.forumdanca.pt\/en\/wp-json\/wp\/v2\/tags?post=26748"}],"curies":[{"name":"wp","href":"https:\/\/api.w.org\/{rel}","templated":true}]}}