{"id":26747,"date":"2022-03-28T21:11:49","date_gmt":"2022-03-28T20:11:49","guid":{"rendered":"https:\/\/www.forumdanca.pt\/?p=26747"},"modified":"2022-04-15T16:21:50","modified_gmt":"2022-04-15T15:21:50","slug":"pacap-5-bloc2","status":"publish","type":"post","link":"https:\/\/www.forumdanca.pt\/en\/pacap-5-bloc2\/","title":{"rendered":"PACAP 5 | Bloc 2  <br>April 12,13 and 15,16"},"content":{"rendered":"<div class=\"wpb-content-wrapper\"><p>[vc_row row_type=&#8221;row&#8221; use_row_as_full_screen_section=&#8221;no&#8221; type=&#8221;full_width&#8221; text_align=&#8221;left&#8221; background_animation=&#8221;none&#8221; css_animation=&#8221;&#8221;][vc_column][vc_column_text]<\/p>\n<h4>Informal Presentations | Espa\u00e7o da Penha, Lisbon<\/h4>\n<h4><b>Processes of collaboration from a shared question<\/b><\/h4>\n<p>[\/vc_column_text][vc_empty_space height=&#8221;40px&#8221;][\/vc_column][\/vc_row][vc_row row_type=&#8221;row&#8221; use_row_as_full_screen_section=&#8221;no&#8221; type=&#8221;full_width&#8221; text_align=&#8221;left&#8221; background_animation=&#8221;none&#8221; css_animation=&#8221;&#8221;][vc_column][vc_column_text]<\/p>\n<div class=\"page\" title=\"Page 1\">\n<div class=\"layoutArea\">\n<div class=\"column\">\n<p>\u201cThe projects now shared result from three months of work with the question of collaboration on different scales. In the scale of the artistic gesture, and in a structure that blurs boundaries between pedagogy, research, and creation. In an experimental process where the idea of failure was understood as a place of power, we putted ourselves at risk and tried to create a field so that the questions that cross our minds could materialize.<\/p>\n<p>What are the minimal initial conditions to let ourselves be involved with shared affections?<\/p>\n<p>How can we create a common vital force that translates a transversal restlessness, an interweaving of tendencies, desires, and disquiet?<\/p>\n<p>How can we find intersections between individual experiences?<\/p>\n<p>How can we inhabit a territory as it is being built?<\/p>\n<p>The list of questions is endless and what we will see in these works that are open to the public, are the materialities, the negotiations and the artistic restlessness that emerged among the participants over these three months.\u201d <strong>\u2013 Carolina Campos e M\u00e1rcia Lan\u00e7a<\/strong><\/p>\n<\/div>\n<\/div>\n<\/div>\n<p>[\/vc_column_text][vc_empty_space height=&#8221;40px&#8221;][vc_separator type=&#8221;full_width&#8221; border_style=&#8221;&#8221; thickness=&#8221;2&#8243; down=&#8221;40&#8243; color=&#8221;#000000&#8243;][vc_column_text]<\/p>\n<h4><strong>PROGRAMME<\/strong><\/h4>\n<h4><strong>Days 12 &amp; 13 &#8211; <span style=\"color: #ff0000;\">SOLD OUT!<\/span><\/strong><\/h4>\n<p><strong>19h00<\/strong><\/p>\n<p><a href=\"https:\/\/www.forumdanca.pt\/en\/splinter\/\"><em>Splinter<\/em><\/a> | <strong>Andrei Bessa (BR), Leonor Mendes (PT), Lucas Damiani (UY) <\/strong>e<strong> Vicente Antunes Ramos (BR)<\/strong><\/p>\n<p><a href=\"https:\/\/www.forumdanca.pt\/en\/one-and-three-ways-to-touch-something\/\"><em>One and three ways to touch something<\/em><\/a> | <strong>Bruno Levorin (BR) <\/strong>e<strong> Rosa Sijben (NL)<\/strong><\/p>\n<p><a href=\"https:\/\/www.forumdanca.pt\/en\/sweets-emotions\/\"><em>Sweets and Emotions<\/em><\/a> | <strong>Chlo\u00e9 Saffores (FR), Francisco Thiago Cavalcanti (BR), Katarina Lanier (US), Leonor Lopes (PT)<\/strong><\/p>\n<p>&nbsp;<\/p>\n<h4><strong>Day 15<\/strong><strong> &#8211; <span style=\"color: #ff0000;\">SOLD OUT!<\/span><\/strong><\/h4>\n<p><strong>17h00<\/strong><\/p>\n<p><a href=\"https:\/\/www.forumdanca.pt\/en\/delirium-deviations\/\"><em>to move the fixed certainty<\/em><\/a> | <strong>Carolina Canteli (BR)*<\/strong><\/p>\n<p><strong>\u00a0<\/strong><strong>19h30<\/strong><\/p>\n<p><a href=\"https:\/\/www.forumdanca.pt\/en\/bolo\/\"><em>Bolo<\/em><\/a> | <strong>B\u00e1rbara Cordeiro (PT) e Nicole Gomes (BR)<\/strong><\/p>\n<p><a href=\"https:\/\/www.forumdanca.pt\/en\/fresh-en\/\"><em>Fresh<\/em><\/a> | <strong>Giovanna Monteiro (BR), Nazario D\u00edaz (ES) e Roberto Dag\u00f4 (BR)<\/strong><\/p>\n<p>&nbsp;<\/p>\n<h4><strong>Day 16<\/strong><\/h4>\n<p><strong>17h00<\/strong><\/p>\n<p><a href=\"https:\/\/www.forumdanca.pt\/en\/delirium-deviations\/\"><em>Softening the Bones<\/em><\/a> | <strong>Ves Liberta (PT)<\/strong>**<strong> &#8211; <span style=\"color: #ff0000;\">sold out<\/span><\/strong><\/p>\n<p><strong>\u00a0<\/strong><strong>19h30<\/strong><\/p>\n<p><a href=\"https:\/\/www.forumdanca.pt\/en\/delirium-deviations\/\"><em>plucking the dog\u2019s teeth<\/em><\/a> | <strong>Leonardo Shamah (BR)<\/strong><\/p>\n<p><a href=\"https:\/\/www.forumdanca.pt\/en\/bolo\/\"><em>Bolo<\/em><\/a> | <strong>B\u00e1rbara Cordeiro (PT) e Nicole Gomes (BR)<\/strong><\/p>\n<p><a href=\"https:\/\/www.forumdanca.pt\/en\/fresh-en\/\"><em>Fresh<\/em><\/a> | <strong>Giovanna Monteiro (BR), Nazario D\u00edaz (ES) e Roberto Dag\u00f4 (BR)<\/strong>[\/vc_column_text][vc_empty_space height=&#8221;40px&#8221;][\/vc_column][\/vc_row][vc_row row_type=&#8221;row&#8221; use_row_as_full_screen_section=&#8221;no&#8221; type=&#8221;full_width&#8221; text_align=&#8221;left&#8221; background_animation=&#8221;none&#8221; css_animation=&#8221;&#8221;][vc_column offset=&#8221;vc_hidden-sm vc_hidden-xs&#8221;][vc_separator type=&#8221;full_width&#8221; border_style=&#8221;&#8221; thickness=&#8221;2&#8243; down=&#8221;40&#8243; color=&#8221;#000000&#8243;][vc_column_text]<\/p>\n<h3>Apresenta\u00e7\u00f5es PACAP 5 &#8211; Bloco II<\/h3>\n<p>[\/vc_column_text][vc_empty_space height=&#8221;40px&#8221;][vc_basic_grid post_type=&#8221;post&#8221; max_items=&#8221;-1&#8243; element_width=&#8221;2&#8243; gap=&#8221;15&#8243; item=&#8221;23141&#8243; initial_loading_animation=&#8221;none&#8221; grid_id=&#8221;vc_gid:1650036056985-cc9025b8-b144-0&#8243; taxonomies=&#8221;422&#8243;][vc_empty_space height=&#8221;40px&#8221;][\/vc_column][\/vc_row][vc_row row_type=&#8221;row&#8221; use_row_as_full_screen_section=&#8221;no&#8221; type=&#8221;full_width&#8221; text_align=&#8221;left&#8221; background_animation=&#8221;none&#8221; css_animation=&#8221;&#8221;][vc_column][vc_separator type=&#8221;full_width&#8221; border_style=&#8221;&#8221; thickness=&#8221;2&#8243; down=&#8221;40&#8243; color=&#8221;#000000&#8243;][vc_column_text]<\/p>\n<h4><strong>BOOKING PLACES<\/strong><\/h4>\n<p>For seat reservations, just send us a request to <strong><a href=\"mailto:forumdanca@forumdanca.pt\">our general email<\/a><\/strong>, stating the sessions you want to attend.<br \/>\n<strong>Maximum 2 people per booking.<\/strong><\/p>\n<p>&nbsp;<\/p>\n<p><strong>SESSIONS WITH SPECIAL APPOINTMENT\/BOOKING<\/strong><\/p>\n<p><strong>* Day 15 &#8211; <span style=\"color: #ff0000;\">sold out<\/span> |<\/strong> The work <strong><em>to move the fixed certainty<\/em><\/strong>\u00a0of\u00a0Carolina Canteli (BR) consists of a route abroad, with a capacity of 8 people for each route. There will be only three routes at the following times: 17:00, 17:45 and 18:30. Advance booking will be required.<\/p>\n<p><strong>** Day 16 &#8211; <span style=\"color: #ff0000;\">sold out<\/span> |<\/strong>The work <em><strong>Softening the Bones<\/strong><\/em> of Ves Liberta (PT) consists of several individual meetings lasting 14 minutes each and will take place between 17:00 and 18:45. Advance booking will be required.<\/p>\n<p>&nbsp;<\/p>\n<h4><strong>VENUE<\/strong><\/h4>\n<p><strong>Forum Dan\u00e7a \/\u00a0Espa\u00e7o da Penha<\/strong><br \/>\nTravessa do Calado, 26B<br \/>\n1170-070 Lisbon[\/vc_column_text][vc_empty_space height=&#8221;40px&#8221;][vc_separator type=&#8221;full_width&#8221; border_style=&#8221;&#8221; thickness=&#8221;2&#8243; down=&#8221;40&#8243; color=&#8221;#000000&#8243;][vc_column_text]<\/p>\n<div class=\"page\" title=\"Page 1\">\n<div class=\"layoutArea\">\n<div class=\"column\">\n<p><strong>Artistic accompaniment<\/strong>\u00a0Carolina Campos e M\u00e1rcia Lan\u00e7a<\/p>\n<p><strong>Participants from Forum Dan\u00e7a \/ PACAP 5 Bloc II<\/strong><\/p>\n<p>Andrei Bessa (BR), B\u00e1rbara Cordeiro (PT), Bruno Levorin (BR), Carolina Canteli (BR), Chlo\u00e9 Saffores (FR), Francisco Thiago (BR), Giovanna Monteiro (BR), Katarina Lanier (US), Leonardo Shamah (BR), Leonor Lopes (PT), Leonor Mendes (PT), Lucas Damiani (UY), Nazario D\u00edaz (ES), Nicole Gomes (BR), Roberto Dag\u00f4 (BR), Rosa Sijben (NL), Ves Liberta (PT), Vicente Antunes Ramos (BR).<\/p>\n<p><strong>Technical direction\u00a0<\/strong>Leticia Skrycky e Santiago Rodriguez Tricot<\/p>\n<p><strong>Production<\/strong>\u00a0Forum Dan\u00e7a<\/p>\n<\/div>\n<\/div>\n<\/div>\n<p>[\/vc_column_text][vc_empty_space height=&#8221;40px&#8221;][\/vc_column][\/vc_row][vc_row row_type=&#8221;row&#8221; use_row_as_full_screen_section=&#8221;no&#8221; type=&#8221;full_width&#8221; text_align=&#8221;left&#8221; background_animation=&#8221;none&#8221; css_animation=&#8221;&#8221;][vc_column][vc_separator type=&#8221;full_width&#8221; border_style=&#8221;&#8221; thickness=&#8221;2&#8243; down=&#8221;40&#8243; color=&#8221;#000000&#8243;][vc_column_text]<\/p>\n<h3>PACAP 5 Activities<\/h3>\n<p>[\/vc_column_text][vc_empty_space height=&#8221;40px&#8221;][vc_basic_grid post_type=&#8221;post&#8221; max_items=&#8221;-1&#8243; style=&#8221;pagination&#8221; items_per_page=&#8221;8&#8243; element_width=&#8221;3&#8243; gap=&#8221;15&#8243; item=&#8221;23141&#8243; initial_loading_animation=&#8221;none&#8221; grid_id=&#8221;vc_gid:1650036056986-ae4849d1-e56d-8&#8243; taxonomies=&#8221;168&#8243;][vc_empty_space height=&#8221;40px&#8221;][\/vc_column][\/vc_row][vc_row row_type=&#8221;row&#8221; use_row_as_full_screen_section=&#8221;no&#8221; type=&#8221;full_width&#8221; text_align=&#8221;left&#8221; background_animation=&#8221;none&#8221; css_animation=&#8221;&#8221;][vc_column][vc_separator type=&#8221;full_width&#8221; border_style=&#8221;&#8221; thickness=&#8221;2&#8243; down=&#8221;40&#8243; color=&#8221;#000000&#8243;][vc_column_text]<\/p>\n<h3>Support and Partnerships<\/h3>\n<p><strong>PACAP 5 Coproduction:\u00a0<\/strong>Teatro do Bairro Alto<\/p>\n<p><strong>PACAP 5 Support: <\/strong>O Rumo do Fumo, Alkantara, OPART | Est\u00fadios Victor C\u00f3rdon, O Espa\u00e7o do Tempo, Funda\u00e7\u00e3o GDA, Piscina[\/vc_column_text][vc_empty_space height=&#8221;20px&#8221;][vc_row_inner row_type=&#8221;row&#8221; type=&#8221;full_width&#8221; use_row_as_full_screen_section_slide=&#8221;no&#8221; text_align=&#8221;left&#8221; css_animation=&#8221;&#8221;][vc_column_inner width=&#8221;1\/2&#8243;][vc_single_image image=&#8221;26243&#8243; img_size=&#8221;&#8221; qode_css_animation=&#8221;&#8221;][\/vc_column_inner][vc_column_inner width=&#8221;1\/2&#8243;][\/vc_column_inner][\/vc_row_inner][vc_empty_space height=&#8221;80px&#8221;][\/vc_column][\/vc_row]<\/p>\n<\/div>","protected":false},"excerpt":{"rendered":"<p>Informal Presentations Forum Dan\u00e7a\/PACAP 5 &#8211; Bloc 2 &#8211; Processes of collaboration from a shared question<\/p>\n","protected":false},"author":15,"featured_media":26580,"comment_status":"closed","ping_status":"closed","sticky":false,"template":"","format":"standard","meta":{"footnotes":""},"categories":[301,269,7,311,263],"tags":[],"class_list":["post-26747","post","type-post","status-publish","format-standard","has-post-thumbnail","hentry","category-advanced-training","category-blog-en","category-agenda-en","category-highlights","category-pacap5-en"],"_links":{"self":[{"href":"https:\/\/www.forumdanca.pt\/en\/wp-json\/wp\/v2\/posts\/26747","targetHints":{"allow":["GET"]}}],"collection":[{"href":"https:\/\/www.forumdanca.pt\/en\/wp-json\/wp\/v2\/posts"}],"about":[{"href":"https:\/\/www.forumdanca.pt\/en\/wp-json\/wp\/v2\/types\/post"}],"author":[{"embeddable":true,"href":"https:\/\/www.forumdanca.pt\/en\/wp-json\/wp\/v2\/users\/15"}],"replies":[{"embeddable":true,"href":"https:\/\/www.forumdanca.pt\/en\/wp-json\/wp\/v2\/comments?post=26747"}],"version-history":[{"count":0,"href":"https:\/\/www.forumdanca.pt\/en\/wp-json\/wp\/v2\/posts\/26747\/revisions"}],"wp:featuredmedia":[{"embeddable":true,"href":"https:\/\/www.forumdanca.pt\/en\/wp-json\/wp\/v2\/media\/26580"}],"wp:attachment":[{"href":"https:\/\/www.forumdanca.pt\/en\/wp-json\/wp\/v2\/media?parent=26747"}],"wp:term":[{"taxonomy":"category","embeddable":true,"href":"https:\/\/www.forumdanca.pt\/en\/wp-json\/wp\/v2\/categories?post=26747"},{"taxonomy":"post_tag","embeddable":true,"href":"https:\/\/www.forumdanca.pt\/en\/wp-json\/wp\/v2\/tags?post=26747"}],"curies":[{"name":"wp","href":"https:\/\/api.w.org\/{rel}","templated":true}]}}